{"id":17142,"date":"2022-02-19T18:41:05","date_gmt":"2022-02-19T17:41:05","guid":{"rendered":"http:\/\/avirondijonnais.com\/?p=17142"},"modified":"2022-08-04T09:07:15","modified_gmt":"2022-08-04T07:07:15","slug":"travaux","status":"publish","type":"post","link":"http:\/\/avirondijonnais.com\/index.php\/2022\/02\/19\/travaux\/","title":{"rendered":"Reconstruction du pont"},"content":{"rendered":"<div class=\"wpb-content-wrapper\"><p>[vc_row][vc_column]<div class=\"dt-fancy-separator h1-size\" style=\"width: 80%;\"><div class=\"dt-fancy-title\" style=\"color: #0552d2;\"><span class=\"separator-holder separator-left\"><\/span>Travaux pont amont du lac Kir<span class=\"separator-holder separator-right\"><\/span><\/div><\/div>[vc_separator color=\u00a0\u00bbwhite\u00a0\u00bb border_width=\u00a0\u00bb6&Prime; el_width=\u00a0\u00bb70&Prime;][vc_separator style=\u00a0\u00bbshadow\u00a0\u00bb border_width=\u00a0\u00bb7&Prime; el_width=\u00a0\u00bb70&Prime;][\/vc_column][\/vc_row][vc_row][vc_column][vc_column_text]En ce mois de janvier 2022, les premiers coups de pioche ont \u00e9t\u00e9 donn\u00e9s au niveau du pont enjambant l&rsquo;Ouche. C&rsquo;est une excellente nouvelle et le signal que les travaux de construction de la future base nautique du lac Kir vont bient\u00f4t d\u00e9buter !<br \/>\nVous retrouverez r\u00e9guli\u00e8rement dans cette page sp\u00e9ciale travaux les photos et les nouvelles de l&rsquo;avancement du chantier. Nous sommes tous impatients de voir le projet sortir de terre ![\/vc_column_text][\/vc_column][\/vc_row][vc_row][vc_column][vc_column_text]mercredi 3 ao\u00fbt 2022 &#8211; une vue du pont termin\u00e9 ![\/vc_column_text][vc_masonry_media_grid grid_id=\u00a0\u00bbvc_gid:1659596718810-b87445e5-ea52-6&Prime; include=\u00a0\u00bb17304&Prime;][\/vc_column][\/vc_row][vc_row][vc_column][vc_column_text]samedi 9 juillet 2022 &#8211; Pause du garde-corps, le pont est presque termin\u00e9 ![\/vc_column_text][vc_masonry_media_grid grid_id=\u00a0\u00bbvc_gid:1659596738696-3049860e-68bc-1&Prime; include=\u00a0\u00bb17288&Prime;][\/vc_column][\/vc_row][vc_row][vc_column][vc_column_text]samedi 25 juin 2022 &#8211; Pose de l&rsquo;enrob\u00e9 ![\/vc_column_text][vc_masonry_media_grid grid_id=\u00a0\u00bbvc_gid:1659596718813-6b65d52e-156f-0&Prime; include=\u00a0\u00bb17272,17273,17274&Prime;][\/vc_column][\/vc_row][vc_row][vc_column][vc_column_text]samedi 18 juin 2022 &#8211; Etanch\u00e9it\u00e9 du tablier[\/vc_column_text][vc_masonry_media_grid grid_id=\u00a0\u00bbvc_gid:1659596718817-8ae72468-234c-7&Prime; include=\u00a0\u00bb17271&Prime;][\/vc_column][\/vc_row][vc_row][vc_column][vc_column_text]samedi 11 juin 2022 &#8211; D\u00e9pose de l&rsquo;\u00e9chafaudage et d\u00e9but du remplissage des cul\u00e9es[\/vc_column_text][vc_masonry_media_grid grid_id=\u00a0\u00bbvc_gid:1659596718818-f46659bd-69fe-4&Prime; include=\u00a0\u00bb17260,17261,17262&Prime;][\/vc_column][\/vc_row][vc_row][vc_column][vc_column_text]dimanche 29 mai 2022 &#8211; B\u00e9tonnage ![\/vc_column_text][vc_masonry_media_grid grid_id=\u00a0\u00bbvc_gid:1659596718821-797958bd-45d5-1&Prime; include=\u00a0\u00bb17256,17257,17258&Prime;][\/vc_column][\/vc_row][vc_row][vc_column][vc_column_text]samedi 14 mai 2022 &#8211; Pose des poutrelles et d\u00e9but du ferraillage.[\/vc_column_text][vc_masonry_media_grid grid_id=\u00a0\u00bbvc_gid:1659596718823-ecb91bff-2e52-8&Prime; include=\u00a0\u00bb17245,17246&Prime;][\/vc_column][\/vc_row][vc_row][vc_column][vc_column_text]dimanche 8 mai 2022 &#8211; Suite et fin du b\u00e9tonnage des piles.[\/vc_column_text][vc_masonry_media_grid grid_id=\u00a0\u00bbvc_gid:1659596718825-2d9068b7-74e3-1&Prime; include=\u00a0\u00bb17242,17243,17244&Prime;][\/vc_column][\/vc_row][vc_row][vc_column][vc_column_text]samedi 16 avril 2022 &#8211; D\u00e9but de la reconstruction en commen\u00e7ant par le ferraillage et b\u00e9tonnage des piles.[\/vc_column_text][vc_masonry_media_grid grid_id=\u00a0\u00bbvc_gid:1659596718828-967baaa1-de32-6&Prime; include=\u00a0\u00bb17235,17236,17237,17238,17239&Prime;][\/vc_column][\/vc_row][vc_row][vc_column][vc_column_text]samedi 9 avril 2022 &#8211; D\u00e9but de la d\u00e9construction de la partie sup\u00e9rieure des piles.[\/vc_column_text][vc_masonry_media_grid grid_id=\u00a0\u00bbvc_gid:1659596718832-f61464eb-5cb8-7&Prime; include=\u00a0\u00bb17222,17223,17224&Prime;][\/vc_column][\/vc_row][vc_row][vc_column][vc_column_text]samedi 2 avril 2022 &#8211; L&rsquo;ancien tablier est d\u00e9pos\u00e9[\/vc_column_text][vc_masonry_media_grid grid_id=\u00a0\u00bbvc_gid:1659596718835-c3319b0a-d526-10&Prime; include=\u00a0\u00bb17209,17210,17211,17212,17213,17214,17215&Prime;][\/vc_column][\/vc_row][vc_row][vc_column][vc_column_text]samedi 26 mars 2022 &#8211; Les travaux de pr\u00e9paration sont bien avanc\u00e9s en pr\u00e9vision du sciage et levage de l&rsquo;ancien tablier[\/vc_column_text][vc_masonry_media_grid grid_id=\u00a0\u00bbvc_gid:1659596718839-4c946ba4-2b5f-4&Prime; include=\u00a0\u00bb17203&Prime;][\/vc_column][\/vc_row][vc_row][vc_column][vc_column_text]samedi 12 mars 2022 &#8211; Le d\u00e9tournement des r\u00e9seaux (eau, \u00e9lectricit\u00e9&#8230;) est en bonne voie[\/vc_column_text][vc_masonry_media_grid grid_id=\u00a0\u00bbvc_gid:1659596718841-74282a26-7937-10&Prime; include=\u00a0\u00bb17194,17195&Prime;][\/vc_column][\/vc_row][vc_row][vc_column][vc_column_text]samedi 5 mars 2022 &#8211; Le pont provisoire est fonctionnel. Au niveau du pont principal, d\u00e9but des travaux de d\u00e9tournement des r\u00e9seaux[\/vc_column_text][vc_masonry_media_grid grid_id=\u00a0\u00bbvc_gid:1659596718843-6eb9c083-8b0d-4&Prime; include=\u00a0\u00bb17186,17187,17188,17189&Prime;][\/vc_column][\/vc_row][vc_row][vc_column][vc_column_text]samedi 27 f\u00e9vrier 2022 &#8211; Le pont provisoire est bient\u00f4t op\u00e9rationnel[\/vc_column_text][vc_masonry_media_grid grid_id=\u00a0\u00bbvc_gid:1659596718845-a1139abd-fc17-4&Prime; include=\u00a0\u00bb17181,17180,17179,17178&Prime;][\/vc_column][\/vc_row][vc_row][vc_column][vc_column_text]samedi 19 f\u00e9vrier 2022 &#8211; Le pont provisoire est en place ![\/vc_column_text][vc_masonry_media_grid grid_id=\u00a0\u00bbvc_gid:1659596718849-f99b78ea-d9a5-6&Prime; include=\u00a0\u00bb17162,17163,17164&Prime;][\/vc_column][\/vc_row][vc_row][vc_column][vc_column_text]samedi 12 f\u00e9vrier 2022 &#8211; D\u00e9but du lancement du pont provisoire[\/vc_column_text][vc_masonry_media_grid grid_id=\u00a0\u00bbvc_gid:1659596718852-e0499267-5cbb-9&Prime; include=\u00a0\u00bb17158,17159,17160,17161&Prime;][\/vc_column][\/vc_row][vc_row][vc_column][vc_column_text]samedi 5 f\u00e9vrier 2022 &#8211; Les travaux de ma\u00e7onnerie termin\u00e9es, les cul\u00e9es provisoire sont pr\u00eates pour accueillir le pont temporaire[\/vc_column_text][vc_masonry_media_grid grid_id=\u00a0\u00bbvc_gid:1659596718854-9d648b21-54e0-8&Prime; include=\u00a0\u00bb17154,17155,17156&Prime;][\/vc_column][\/vc_row][vc_row][vc_column][vc_column_text]samedi 29 janvier 2022 &#8211; Travaux pr\u00e9paratoires pour l&rsquo;installation du pont provisoire[\/vc_column_text][vc_masonry_media_grid grid_id=\u00a0\u00bbvc_gid:1659596718857-04f99845-1534-9&Prime; include=\u00a0\u00bb17152,17151,17150,17149&Prime;][\/vc_column][\/vc_row][vc_row][vc_column][\/vc_column][\/vc_row]<\/p>\n<\/div>","protected":false},"excerpt":{"rendered":"<p>[vc_row][vc_column][vc_separator color=\u00a0\u00bbwhite\u00a0\u00bb border_width=\u00a0\u00bb6&Prime; el_width=\u00a0\u00bb70&Prime;][vc_separator style=\u00a0\u00bbshadow\u00a0\u00bb border_width=\u00a0\u00bb7&Prime; el_width=\u00a0\u00bb70&Prime;][\/vc_column][\/vc_row][vc_row][vc_column][vc_column_text]En ce mois de janvier 2022, les premiers coups de pioche ont \u00e9t\u00e9 donn\u00e9s au niveau du pont enjambant l&rsquo;Ouche. C&rsquo;est une excellente nouvelle et le signal que les travaux de construction de la future base nautique du lac Kir vont bient\u00f4t d\u00e9buter ! Vous retrouverez r\u00e9guli\u00e8rement dans cette&hellip;<\/p>\n","protected":false},"author":1,"featured_media":17223,"comment_status":"closed","ping_status":"open","sticky":false,"template":"","format":"standard","meta":{"footnotes":""},"categories":[34],"tags":[],"class_list":["post-17142","post","type-post","status-publish","format-standard","has-post-thumbnail","hentry","category-laviron","category-34","description-off"],"yoast_head":"<!-- This site is optimized with the Yoast SEO plugin v26.9 - https:\/\/yoast.com\/product\/yoast-seo-wordpress\/ -->\n<title>Reconstruction du pont - Aviron Dijonnais<\/title>\n<meta name=\"robots\" content=\"index, follow, max-snippet:-1, max-image-preview:large, max-video-preview:-1\" \/>\n<link rel=\"canonical\" href=\"http:\/\/avirondijonnais.com\/index.php\/2022\/02\/19\/travaux\/\" \/>\n<meta property=\"og:locale\" content=\"fr_FR\" \/>\n<meta property=\"og:type\" content=\"article\" \/>\n<meta property=\"og:title\" content=\"Reconstruction du pont - Aviron Dijonnais\" \/>\n<meta property=\"og:description\" content=\"[vc_row][vc_column][vc_separator color=\u00a0\u00bbwhite\u00a0\u00bb border_width=\u00a0\u00bb6&Prime; el_width=\u00a0\u00bb70&Prime;][vc_separator style=\u00a0\u00bbshadow\u00a0\u00bb border_width=\u00a0\u00bb7&Prime; el_width=\u00a0\u00bb70&Prime;][\/vc_column][\/vc_row][vc_row][vc_column][vc_column_text]En ce mois de janvier 2022, les premiers coups de pioche ont \u00e9t\u00e9 donn\u00e9s au niveau du pont enjambant l&rsquo;Ouche. C&rsquo;est une excellente nouvelle et le signal que les travaux de construction de la future base nautique du lac Kir vont bient\u00f4t d\u00e9buter ! Vous retrouverez r\u00e9guli\u00e8rement dans cette&hellip;\" \/>\n<meta property=\"og:url\" content=\"http:\/\/avirondijonnais.com\/index.php\/2022\/02\/19\/travaux\/\" \/>\n<meta property=\"og:site_name\" content=\"Aviron Dijonnais\" \/>\n<meta property=\"article:published_time\" content=\"2022-02-19T17:41:05+00:00\" \/>\n<meta property=\"article:modified_time\" content=\"2022-08-04T07:07:15+00:00\" \/>\n<meta property=\"og:image\" content=\"http:\/\/avirondijonnais.com\/wp-content\/uploads\/2022\/02\/IMG_7621.jpeg\" \/>\n\t<meta property=\"og:image:width\" content=\"1080\" \/>\n\t<meta property=\"og:image:height\" content=\"810\" \/>\n\t<meta property=\"og:image:type\" content=\"image\/jpeg\" \/>\n<meta name=\"author\" content=\"Olivier\" \/>\n<meta name=\"twitter:card\" content=\"summary_large_image\" \/>\n<meta name=\"twitter:label1\" content=\"\u00c9crit par\" \/>\n\t<meta name=\"twitter:data1\" content=\"Olivier\" \/>\n\t<meta name=\"twitter:label2\" content=\"Dur\u00e9e de lecture estim\u00e9e\" \/>\n\t<meta name=\"twitter:data2\" content=\"2 minutes\" \/>\n<script type=\"application\/ld+json\" class=\"yoast-schema-graph\">{\"@context\":\"https:\/\/schema.org\",\"@graph\":[{\"@type\":\"Article\",\"@id\":\"http:\/\/avirondijonnais.com\/index.php\/2022\/02\/19\/travaux\/#article\",\"isPartOf\":{\"@id\":\"http:\/\/avirondijonnais.com\/index.php\/2022\/02\/19\/travaux\/\"},\"author\":{\"name\":\"Olivier\",\"@id\":\"http:\/\/avirondijonnais.com\/#\/schema\/person\/d0fe4ec1a371a0daf8553ff349ecd8af\"},\"headline\":\"Reconstruction du pont\",\"datePublished\":\"2022-02-19T17:41:05+00:00\",\"dateModified\":\"2022-08-04T07:07:15+00:00\",\"mainEntityOfPage\":{\"@id\":\"http:\/\/avirondijonnais.com\/index.php\/2022\/02\/19\/travaux\/\"},\"wordCount\":919,\"image\":{\"@id\":\"http:\/\/avirondijonnais.com\/index.php\/2022\/02\/19\/travaux\/#primaryimage\"},\"thumbnailUrl\":\"http:\/\/avirondijonnais.com\/wp-content\/uploads\/2022\/02\/IMG_7621.jpeg\",\"articleSection\":[\"La vie du club\"],\"inLanguage\":\"fr-FR\"},{\"@type\":\"WebPage\",\"@id\":\"http:\/\/avirondijonnais.com\/index.php\/2022\/02\/19\/travaux\/\",\"url\":\"http:\/\/avirondijonnais.com\/index.php\/2022\/02\/19\/travaux\/\",\"name\":\"Reconstruction du pont - Aviron Dijonnais\",\"isPartOf\":{\"@id\":\"http:\/\/avirondijonnais.com\/#website\"},\"primaryImageOfPage\":{\"@id\":\"http:\/\/avirondijonnais.com\/index.php\/2022\/02\/19\/travaux\/#primaryimage\"},\"image\":{\"@id\":\"http:\/\/avirondijonnais.com\/index.php\/2022\/02\/19\/travaux\/#primaryimage\"},\"thumbnailUrl\":\"http:\/\/avirondijonnais.com\/wp-content\/uploads\/2022\/02\/IMG_7621.jpeg\",\"datePublished\":\"2022-02-19T17:41:05+00:00\",\"dateModified\":\"2022-08-04T07:07:15+00:00\",\"author\":{\"@id\":\"http:\/\/avirondijonnais.com\/#\/schema\/person\/d0fe4ec1a371a0daf8553ff349ecd8af\"},\"breadcrumb\":{\"@id\":\"http:\/\/avirondijonnais.com\/index.php\/2022\/02\/19\/travaux\/#breadcrumb\"},\"inLanguage\":\"fr-FR\",\"potentialAction\":[{\"@type\":\"ReadAction\",\"target\":[\"http:\/\/avirondijonnais.com\/index.php\/2022\/02\/19\/travaux\/\"]}]},{\"@type\":\"ImageObject\",\"inLanguage\":\"fr-FR\",\"@id\":\"http:\/\/avirondijonnais.com\/index.php\/2022\/02\/19\/travaux\/#primaryimage\",\"url\":\"http:\/\/avirondijonnais.com\/wp-content\/uploads\/2022\/02\/IMG_7621.jpeg\",\"contentUrl\":\"http:\/\/avirondijonnais.com\/wp-content\/uploads\/2022\/02\/IMG_7621.jpeg\",\"width\":1080,\"height\":810},{\"@type\":\"BreadcrumbList\",\"@id\":\"http:\/\/avirondijonnais.com\/index.php\/2022\/02\/19\/travaux\/#breadcrumb\",\"itemListElement\":[{\"@type\":\"ListItem\",\"position\":1,\"name\":\"Accueil\",\"item\":\"http:\/\/avirondijonnais.com\/\"},{\"@type\":\"ListItem\",\"position\":2,\"name\":\"Reconstruction du pont\"}]},{\"@type\":\"WebSite\",\"@id\":\"http:\/\/avirondijonnais.com\/#website\",\"url\":\"http:\/\/avirondijonnais.com\/\",\"name\":\"Aviron Dijonnais\",\"description\":\"L&#039;aviron loisirs, pour les jeunes, pour tous \u00e0 Dijon sur le lac kir \u00e0 la base nautique\",\"potentialAction\":[{\"@type\":\"SearchAction\",\"target\":{\"@type\":\"EntryPoint\",\"urlTemplate\":\"http:\/\/avirondijonnais.com\/?s={search_term_string}\"},\"query-input\":{\"@type\":\"PropertyValueSpecification\",\"valueRequired\":true,\"valueName\":\"search_term_string\"}}],\"inLanguage\":\"fr-FR\"},{\"@type\":\"Person\",\"@id\":\"http:\/\/avirondijonnais.com\/#\/schema\/person\/d0fe4ec1a371a0daf8553ff349ecd8af\",\"name\":\"Olivier\",\"image\":{\"@type\":\"ImageObject\",\"inLanguage\":\"fr-FR\",\"@id\":\"http:\/\/avirondijonnais.com\/#\/schema\/person\/image\/\",\"url\":\"https:\/\/secure.gravatar.com\/avatar\/27aada894a71d218086094930177a87a517af62dff08b92d2095199c58ab740b?s=96&d=mm&r=g\",\"contentUrl\":\"https:\/\/secure.gravatar.com\/avatar\/27aada894a71d218086094930177a87a517af62dff08b92d2095199c58ab740b?s=96&d=mm&r=g\",\"caption\":\"Olivier\"},\"url\":\"http:\/\/avirondijonnais.com\/index.php\/author\/admin9698\/\"}]}<\/script>\n<!-- \/ Yoast SEO plugin. -->","yoast_head_json":{"title":"Reconstruction du pont - Aviron Dijonnais","robots":{"index":"index","follow":"follow","max-snippet":"max-snippet:-1","max-image-preview":"max-image-preview:large","max-video-preview":"max-video-preview:-1"},"canonical":"http:\/\/avirondijonnais.com\/index.php\/2022\/02\/19\/travaux\/","og_locale":"fr_FR","og_type":"article","og_title":"Reconstruction du pont - Aviron Dijonnais","og_description":"[vc_row][vc_column][vc_separator color=\u00a0\u00bbwhite\u00a0\u00bb border_width=\u00a0\u00bb6&Prime; el_width=\u00a0\u00bb70&Prime;][vc_separator style=\u00a0\u00bbshadow\u00a0\u00bb border_width=\u00a0\u00bb7&Prime; el_width=\u00a0\u00bb70&Prime;][\/vc_column][\/vc_row][vc_row][vc_column][vc_column_text]En ce mois de janvier 2022, les premiers coups de pioche ont \u00e9t\u00e9 donn\u00e9s au niveau du pont enjambant l&rsquo;Ouche. C&rsquo;est une excellente nouvelle et le signal que les travaux de construction de la future base nautique du lac Kir vont bient\u00f4t d\u00e9buter ! Vous retrouverez r\u00e9guli\u00e8rement dans cette&hellip;","og_url":"http:\/\/avirondijonnais.com\/index.php\/2022\/02\/19\/travaux\/","og_site_name":"Aviron Dijonnais","article_published_time":"2022-02-19T17:41:05+00:00","article_modified_time":"2022-08-04T07:07:15+00:00","og_image":[{"width":1080,"height":810,"url":"http:\/\/avirondijonnais.com\/wp-content\/uploads\/2022\/02\/IMG_7621.jpeg","type":"image\/jpeg"}],"author":"Olivier","twitter_card":"summary_large_image","twitter_misc":{"\u00c9crit par":"Olivier","Dur\u00e9e de lecture estim\u00e9e":"2 minutes"},"schema":{"@context":"https:\/\/schema.org","@graph":[{"@type":"Article","@id":"http:\/\/avirondijonnais.com\/index.php\/2022\/02\/19\/travaux\/#article","isPartOf":{"@id":"http:\/\/avirondijonnais.com\/index.php\/2022\/02\/19\/travaux\/"},"author":{"name":"Olivier","@id":"http:\/\/avirondijonnais.com\/#\/schema\/person\/d0fe4ec1a371a0daf8553ff349ecd8af"},"headline":"Reconstruction du pont","datePublished":"2022-02-19T17:41:05+00:00","dateModified":"2022-08-04T07:07:15+00:00","mainEntityOfPage":{"@id":"http:\/\/avirondijonnais.com\/index.php\/2022\/02\/19\/travaux\/"},"wordCount":919,"image":{"@id":"http:\/\/avirondijonnais.com\/index.php\/2022\/02\/19\/travaux\/#primaryimage"},"thumbnailUrl":"http:\/\/avirondijonnais.com\/wp-content\/uploads\/2022\/02\/IMG_7621.jpeg","articleSection":["La vie du club"],"inLanguage":"fr-FR"},{"@type":"WebPage","@id":"http:\/\/avirondijonnais.com\/index.php\/2022\/02\/19\/travaux\/","url":"http:\/\/avirondijonnais.com\/index.php\/2022\/02\/19\/travaux\/","name":"Reconstruction du pont - Aviron Dijonnais","isPartOf":{"@id":"http:\/\/avirondijonnais.com\/#website"},"primaryImageOfPage":{"@id":"http:\/\/avirondijonnais.com\/index.php\/2022\/02\/19\/travaux\/#primaryimage"},"image":{"@id":"http:\/\/avirondijonnais.com\/index.php\/2022\/02\/19\/travaux\/#primaryimage"},"thumbnailUrl":"http:\/\/avirondijonnais.com\/wp-content\/uploads\/2022\/02\/IMG_7621.jpeg","datePublished":"2022-02-19T17:41:05+00:00","dateModified":"2022-08-04T07:07:15+00:00","author":{"@id":"http:\/\/avirondijonnais.com\/#\/schema\/person\/d0fe4ec1a371a0daf8553ff349ecd8af"},"breadcrumb":{"@id":"http:\/\/avirondijonnais.com\/index.php\/2022\/02\/19\/travaux\/#breadcrumb"},"inLanguage":"fr-FR","potentialAction":[{"@type":"ReadAction","target":["http:\/\/avirondijonnais.com\/index.php\/2022\/02\/19\/travaux\/"]}]},{"@type":"ImageObject","inLanguage":"fr-FR","@id":"http:\/\/avirondijonnais.com\/index.php\/2022\/02\/19\/travaux\/#primaryimage","url":"http:\/\/avirondijonnais.com\/wp-content\/uploads\/2022\/02\/IMG_7621.jpeg","contentUrl":"http:\/\/avirondijonnais.com\/wp-content\/uploads\/2022\/02\/IMG_7621.jpeg","width":1080,"height":810},{"@type":"BreadcrumbList","@id":"http:\/\/avirondijonnais.com\/index.php\/2022\/02\/19\/travaux\/#breadcrumb","itemListElement":[{"@type":"ListItem","position":1,"name":"Accueil","item":"http:\/\/avirondijonnais.com\/"},{"@type":"ListItem","position":2,"name":"Reconstruction du pont"}]},{"@type":"WebSite","@id":"http:\/\/avirondijonnais.com\/#website","url":"http:\/\/avirondijonnais.com\/","name":"Aviron Dijonnais","description":"L&#039;aviron loisirs, pour les jeunes, pour tous \u00e0 Dijon sur le lac kir \u00e0 la base nautique","potentialAction":[{"@type":"SearchAction","target":{"@type":"EntryPoint","urlTemplate":"http:\/\/avirondijonnais.com\/?s={search_term_string}"},"query-input":{"@type":"PropertyValueSpecification","valueRequired":true,"valueName":"search_term_string"}}],"inLanguage":"fr-FR"},{"@type":"Person","@id":"http:\/\/avirondijonnais.com\/#\/schema\/person\/d0fe4ec1a371a0daf8553ff349ecd8af","name":"Olivier","image":{"@type":"ImageObject","inLanguage":"fr-FR","@id":"http:\/\/avirondijonnais.com\/#\/schema\/person\/image\/","url":"https:\/\/secure.gravatar.com\/avatar\/27aada894a71d218086094930177a87a517af62dff08b92d2095199c58ab740b?s=96&d=mm&r=g","contentUrl":"https:\/\/secure.gravatar.com\/avatar\/27aada894a71d218086094930177a87a517af62dff08b92d2095199c58ab740b?s=96&d=mm&r=g","caption":"Olivier"},"url":"http:\/\/avirondijonnais.com\/index.php\/author\/admin9698\/"}]}},"_links":{"self":[{"href":"http:\/\/avirondijonnais.com\/index.php\/wp-json\/wp\/v2\/posts\/17142","targetHints":{"allow":["GET"]}}],"collection":[{"href":"http:\/\/avirondijonnais.com\/index.php\/wp-json\/wp\/v2\/posts"}],"about":[{"href":"http:\/\/avirondijonnais.com\/index.php\/wp-json\/wp\/v2\/types\/post"}],"author":[{"embeddable":true,"href":"http:\/\/avirondijonnais.com\/index.php\/wp-json\/wp\/v2\/users\/1"}],"replies":[{"embeddable":true,"href":"http:\/\/avirondijonnais.com\/index.php\/wp-json\/wp\/v2\/comments?post=17142"}],"version-history":[{"count":25,"href":"http:\/\/avirondijonnais.com\/index.php\/wp-json\/wp\/v2\/posts\/17142\/revisions"}],"predecessor-version":[{"id":17305,"href":"http:\/\/avirondijonnais.com\/index.php\/wp-json\/wp\/v2\/posts\/17142\/revisions\/17305"}],"wp:featuredmedia":[{"embeddable":true,"href":"http:\/\/avirondijonnais.com\/index.php\/wp-json\/wp\/v2\/media\/17223"}],"wp:attachment":[{"href":"http:\/\/avirondijonnais.com\/index.php\/wp-json\/wp\/v2\/media?parent=17142"}],"wp:term":[{"taxonomy":"category","embeddable":true,"href":"http:\/\/avirondijonnais.com\/index.php\/wp-json\/wp\/v2\/categories?post=17142"},{"taxonomy":"post_tag","embeddable":true,"href":"http:\/\/avirondijonnais.com\/index.php\/wp-json\/wp\/v2\/tags?post=17142"}],"curies":[{"name":"wp","href":"https:\/\/api.w.org\/{rel}","templated":true}]}}