{"id":17169,"date":"2022-02-25T10:52:14","date_gmt":"2022-02-25T09:52:14","guid":{"rendered":"http:\/\/avirondijonnais.com\/?p=17169"},"modified":"2022-02-25T10:58:58","modified_gmt":"2022-02-25T09:58:58","slug":"ecole-francaise-daviron","status":"publish","type":"post","link":"http:\/\/avirondijonnais.com\/index.php\/2022\/02\/25\/ecole-francaise-daviron\/","title":{"rendered":"Ecole Fran\u00e7aise d&rsquo;Aviron"},"content":{"rendered":"<div class=\"wpb-content-wrapper\"><p>[vc_row][vc_column]<div class=\"dt-fancy-separator h1-size\" style=\"width: 80%;\"><div class=\"dt-fancy-title\" style=\"color: #0552d2;\"><span class=\"separator-holder separator-left\"><\/span>Aviron une \u00e9toile<span class=\"separator-holder separator-right\"><\/span><\/div><\/div>[vc_separator color=\u00a0\u00bbwhite\u00a0\u00bb border_width=\u00a0\u00bb6&Prime; el_width=\u00a0\u00bb70&Prime;][vc_separator style=\u00a0\u00bbshadow\u00a0\u00bb border_width=\u00a0\u00bb7&Prime; el_width=\u00a0\u00bb70&Prime;][\/vc_column][\/vc_row][vc_row][vc_column][vc_column_text]La <a href=\"http:\/\/ffaviron.fr\" target=\"_blank\" rel=\"noopener\">Fe\u0301de\u0301ration Franc\u0327aise d&rsquo;Aviron<\/a> a de\u0301cern\u00e9 pour l&rsquo;anne\u0301e 2022 le label \u00ab\u00a0E\u0301cole Franc\u0327aise d&rsquo;Aviron\u00a0\u00bb 1 e\u0301toile a\u0300 notre club avec les mentions comple\u0301mentaires : Aviron Sante\u0301 \/ Aviron et Handicaps.<br \/>\nL&rsquo;attribution du label E\u0301cole Franc\u0327aise d&rsquo;Aviron 1 e\u0301toile te\u0301moigne de la qualite\u0301 d&rsquo;accueil et de la pe\u0301dagogie dont les pratiquants peuvent be\u0301ne\u0301ficier.[\/vc_column_text][\/vc_column][\/vc_row][vc_row][vc_column width=\u00a0\u00bb1\/2&Prime;][vc_column_text]Merci \u00e0 nos coachs et \u00e0 tous les b\u00e9n\u00e9voles qui s&rsquo;investissent au quotidien dans la vie et le fonctionnement du club.[\/vc_column_text][\/vc_column][vc_column width=\u00a0\u00bb1\/2&Prime;]<style type=\"text\/css\" data-type=\"the7_shortcodes-inline-css\">.shortcode-single-image-wrap.shortcode-single-image-4ab2ef71b6715202093d5069a147bf8b.enable-bg-rollover .rollover i,\n.shortcode-single-image-wrap.shortcode-single-image-4ab2ef71b6715202093d5069a147bf8b.enable-bg-rollover .rollover-video i {\n  background: -webkit-linear-gradient();\n  background: linear-gradient();\n}\n.shortcode-single-image-wrap.shortcode-single-image-4ab2ef71b6715202093d5069a147bf8b .rollover-icon {\n  font-size: 32px;\n  color: #ffffff;\n  min-width: 44px;\n  min-height: 44px;\n  line-height: 44px;\n  border-radius: 100px;\n  border-style: solid;\n  border-width: 0px;\n}\n.dt-icon-bg-on.shortcode-single-image-wrap.shortcode-single-image-4ab2ef71b6715202093d5069a147bf8b .rollover-icon {\n  background: rgba(255,255,255,0.3);\n  box-shadow: none;\n}<\/style><div class=\"shortcode-single-image-wrap shortcode-single-image-4ab2ef71b6715202093d5069a147bf8b alignnone  enable-bg-rollover dt-icon-bg-off\" style=\"margin-top:0px; margin-bottom:0px; margin-left:0px; margin-right:0px; width:750px;\"><div class=\"shortcode-single-image\"><div class=\"fancy-media-wrap  layzr-bg\" style=\"\"><img fetchpriority=\"high\" decoding=\"async\" class=\"preload-me lazy-load aspect\" src=\"data:image\/svg+xml,%3Csvg%20xmlns%3D&#39;http%3A%2F%2Fwww.w3.org%2F2000%2Fsvg&#39;%20viewBox%3D&#39;0%200%20750%20490&#39;%2F%3E\" data-src=\"http:\/\/avirondijonnais.com\/wp-content\/uploads\/2022\/02\/1X_fev2022-750x490.jpeg\" data-srcset=\"http:\/\/avirondijonnais.com\/wp-content\/uploads\/2022\/02\/1X_fev2022-750x490.jpeg 750w, http:\/\/avirondijonnais.com\/wp-content\/uploads\/2022\/02\/1X_fev2022.jpeg 1080w\" loading=\"eager\" sizes=\"(max-width: 750px) 100vw, 750px\" width=\"750\" height=\"490\"  data-dt-location=\"http:\/\/avirondijonnais.com\/index.php\/2022\/02\/25\/ecole-francaise-daviron\/1x_fev2022\/\" style=\"--ratio: 750 \/ 490;\" alt=\"\" \/><\/div><\/div><\/div>[\/vc_column][\/vc_row]<\/p>\n<\/div>","protected":false},"excerpt":{"rendered":"<p>[vc_row][vc_column][vc_separator color=\u00a0\u00bbwhite\u00a0\u00bb border_width=\u00a0\u00bb6&Prime; el_width=\u00a0\u00bb70&Prime;][vc_separator style=\u00a0\u00bbshadow\u00a0\u00bb border_width=\u00a0\u00bb7&Prime; el_width=\u00a0\u00bb70&Prime;][\/vc_column][\/vc_row][vc_row][vc_column][vc_column_text]La Fe\u0301de\u0301ration Franc\u0327aise d&rsquo;Aviron a de\u0301cern\u00e9 pour l&rsquo;anne\u0301e 2022 le label \u00ab\u00a0E\u0301cole Franc\u0327aise d&rsquo;Aviron\u00a0\u00bb 1 e\u0301toile a\u0300 notre club avec les mentions comple\u0301mentaires : Aviron Sante\u0301 \/ Aviron et Handicaps. L&rsquo;attribution du label E\u0301cole Franc\u0327aise d&rsquo;Aviron 1 e\u0301toile te\u0301moigne de la qualite\u0301 d&rsquo;accueil et de la pe\u0301dagogie dont les&hellip;<\/p>\n","protected":false},"author":1,"featured_media":17170,"comment_status":"closed","ping_status":"open","sticky":false,"template":"","format":"standard","meta":{"footnotes":""},"categories":[34],"tags":[],"class_list":["post-17169","post","type-post","status-publish","format-standard","has-post-thumbnail","hentry","category-laviron","category-34","description-off"],"yoast_head":"<!-- This site is optimized with the Yoast SEO plugin v26.9 - https:\/\/yoast.com\/product\/yoast-seo-wordpress\/ -->\n<title>Ecole Fran\u00e7aise d&#039;Aviron - Aviron Dijonnais<\/title>\n<meta name=\"robots\" content=\"index, follow, max-snippet:-1, max-image-preview:large, max-video-preview:-1\" \/>\n<link rel=\"canonical\" href=\"https:\/\/avirondijonnais.com\/index.php\/2022\/02\/25\/ecole-francaise-daviron\/\" \/>\n<meta property=\"og:locale\" content=\"fr_FR\" \/>\n<meta property=\"og:type\" content=\"article\" \/>\n<meta property=\"og:title\" content=\"Ecole Fran\u00e7aise d&#039;Aviron - Aviron Dijonnais\" \/>\n<meta property=\"og:description\" content=\"[vc_row][vc_column][vc_separator color=\u00a0\u00bbwhite\u00a0\u00bb border_width=\u00a0\u00bb6&Prime; el_width=\u00a0\u00bb70&Prime;][vc_separator style=\u00a0\u00bbshadow\u00a0\u00bb border_width=\u00a0\u00bb7&Prime; el_width=\u00a0\u00bb70&Prime;][\/vc_column][\/vc_row][vc_row][vc_column][vc_column_text]La Fe\u0301de\u0301ration Franc\u0327aise d&rsquo;Aviron a de\u0301cern\u00e9 pour l&rsquo;anne\u0301e 2022 le label \u00ab\u00a0E\u0301cole Franc\u0327aise d&rsquo;Aviron\u00a0\u00bb 1 e\u0301toile a\u0300 notre club avec les mentions comple\u0301mentaires : Aviron Sante\u0301 \/ Aviron et Handicaps. L&rsquo;attribution du label E\u0301cole Franc\u0327aise d&rsquo;Aviron 1 e\u0301toile te\u0301moigne de la qualite\u0301 d&rsquo;accueil et de la pe\u0301dagogie dont les&hellip;\" \/>\n<meta property=\"og:url\" content=\"https:\/\/avirondijonnais.com\/index.php\/2022\/02\/25\/ecole-francaise-daviron\/\" \/>\n<meta property=\"og:site_name\" content=\"Aviron Dijonnais\" \/>\n<meta property=\"article:published_time\" content=\"2022-02-25T09:52:14+00:00\" \/>\n<meta property=\"article:modified_time\" content=\"2022-02-25T09:58:58+00:00\" \/>\n<meta property=\"og:image\" content=\"https:\/\/avirondijonnais.com\/wp-content\/uploads\/2022\/02\/Logo_Etoile1_2022.jpg\" \/>\n\t<meta property=\"og:image:width\" content=\"1085\" \/>\n\t<meta property=\"og:image:height\" content=\"961\" \/>\n\t<meta property=\"og:image:type\" content=\"image\/jpeg\" \/>\n<meta name=\"author\" content=\"Olivier\" \/>\n<meta name=\"twitter:card\" content=\"summary_large_image\" \/>\n<meta name=\"twitter:label1\" content=\"\u00c9crit par\" \/>\n\t<meta name=\"twitter:data1\" content=\"Olivier\" \/>\n\t<meta name=\"twitter:label2\" content=\"Dur\u00e9e de lecture estim\u00e9e\" \/>\n\t<meta name=\"twitter:data2\" content=\"1 minute\" \/>\n<script type=\"application\/ld+json\" class=\"yoast-schema-graph\">{\"@context\":\"https:\/\/schema.org\",\"@graph\":[{\"@type\":\"Article\",\"@id\":\"https:\/\/avirondijonnais.com\/index.php\/2022\/02\/25\/ecole-francaise-daviron\/#article\",\"isPartOf\":{\"@id\":\"https:\/\/avirondijonnais.com\/index.php\/2022\/02\/25\/ecole-francaise-daviron\/\"},\"author\":{\"name\":\"Olivier\",\"@id\":\"http:\/\/avirondijonnais.com\/#\/schema\/person\/d0fe4ec1a371a0daf8553ff349ecd8af\"},\"headline\":\"Ecole Fran\u00e7aise d&rsquo;Aviron\",\"datePublished\":\"2022-02-25T09:52:14+00:00\",\"dateModified\":\"2022-02-25T09:58:58+00:00\",\"mainEntityOfPage\":{\"@id\":\"https:\/\/avirondijonnais.com\/index.php\/2022\/02\/25\/ecole-francaise-daviron\/\"},\"wordCount\":179,\"image\":{\"@id\":\"https:\/\/avirondijonnais.com\/index.php\/2022\/02\/25\/ecole-francaise-daviron\/#primaryimage\"},\"thumbnailUrl\":\"http:\/\/avirondijonnais.com\/wp-content\/uploads\/2022\/02\/Logo_Etoile1_2022.jpg\",\"articleSection\":[\"La vie du club\"],\"inLanguage\":\"fr-FR\"},{\"@type\":\"WebPage\",\"@id\":\"https:\/\/avirondijonnais.com\/index.php\/2022\/02\/25\/ecole-francaise-daviron\/\",\"url\":\"https:\/\/avirondijonnais.com\/index.php\/2022\/02\/25\/ecole-francaise-daviron\/\",\"name\":\"Ecole Fran\u00e7aise d'Aviron - Aviron Dijonnais\",\"isPartOf\":{\"@id\":\"http:\/\/avirondijonnais.com\/#website\"},\"primaryImageOfPage\":{\"@id\":\"https:\/\/avirondijonnais.com\/index.php\/2022\/02\/25\/ecole-francaise-daviron\/#primaryimage\"},\"image\":{\"@id\":\"https:\/\/avirondijonnais.com\/index.php\/2022\/02\/25\/ecole-francaise-daviron\/#primaryimage\"},\"thumbnailUrl\":\"http:\/\/avirondijonnais.com\/wp-content\/uploads\/2022\/02\/Logo_Etoile1_2022.jpg\",\"datePublished\":\"2022-02-25T09:52:14+00:00\",\"dateModified\":\"2022-02-25T09:58:58+00:00\",\"author\":{\"@id\":\"http:\/\/avirondijonnais.com\/#\/schema\/person\/d0fe4ec1a371a0daf8553ff349ecd8af\"},\"breadcrumb\":{\"@id\":\"https:\/\/avirondijonnais.com\/index.php\/2022\/02\/25\/ecole-francaise-daviron\/#breadcrumb\"},\"inLanguage\":\"fr-FR\",\"potentialAction\":[{\"@type\":\"ReadAction\",\"target\":[\"https:\/\/avirondijonnais.com\/index.php\/2022\/02\/25\/ecole-francaise-daviron\/\"]}]},{\"@type\":\"ImageObject\",\"inLanguage\":\"fr-FR\",\"@id\":\"https:\/\/avirondijonnais.com\/index.php\/2022\/02\/25\/ecole-francaise-daviron\/#primaryimage\",\"url\":\"http:\/\/avirondijonnais.com\/wp-content\/uploads\/2022\/02\/Logo_Etoile1_2022.jpg\",\"contentUrl\":\"http:\/\/avirondijonnais.com\/wp-content\/uploads\/2022\/02\/Logo_Etoile1_2022.jpg\",\"width\":1085,\"height\":961},{\"@type\":\"BreadcrumbList\",\"@id\":\"https:\/\/avirondijonnais.com\/index.php\/2022\/02\/25\/ecole-francaise-daviron\/#breadcrumb\",\"itemListElement\":[{\"@type\":\"ListItem\",\"position\":1,\"name\":\"Accueil\",\"item\":\"http:\/\/avirondijonnais.com\/\"},{\"@type\":\"ListItem\",\"position\":2,\"name\":\"Ecole Fran\u00e7aise d&rsquo;Aviron\"}]},{\"@type\":\"WebSite\",\"@id\":\"http:\/\/avirondijonnais.com\/#website\",\"url\":\"http:\/\/avirondijonnais.com\/\",\"name\":\"Aviron Dijonnais\",\"description\":\"L&#039;aviron loisirs, pour les jeunes, pour tous \u00e0 Dijon sur le lac kir \u00e0 la base nautique\",\"potentialAction\":[{\"@type\":\"SearchAction\",\"target\":{\"@type\":\"EntryPoint\",\"urlTemplate\":\"http:\/\/avirondijonnais.com\/?s={search_term_string}\"},\"query-input\":{\"@type\":\"PropertyValueSpecification\",\"valueRequired\":true,\"valueName\":\"search_term_string\"}}],\"inLanguage\":\"fr-FR\"},{\"@type\":\"Person\",\"@id\":\"http:\/\/avirondijonnais.com\/#\/schema\/person\/d0fe4ec1a371a0daf8553ff349ecd8af\",\"name\":\"Olivier\",\"image\":{\"@type\":\"ImageObject\",\"inLanguage\":\"fr-FR\",\"@id\":\"http:\/\/avirondijonnais.com\/#\/schema\/person\/image\/\",\"url\":\"https:\/\/secure.gravatar.com\/avatar\/27aada894a71d218086094930177a87a517af62dff08b92d2095199c58ab740b?s=96&d=mm&r=g\",\"contentUrl\":\"https:\/\/secure.gravatar.com\/avatar\/27aada894a71d218086094930177a87a517af62dff08b92d2095199c58ab740b?s=96&d=mm&r=g\",\"caption\":\"Olivier\"},\"url\":\"http:\/\/avirondijonnais.com\/index.php\/author\/admin9698\/\"}]}<\/script>\n<!-- \/ Yoast SEO plugin. -->","yoast_head_json":{"title":"Ecole Fran\u00e7aise d'Aviron - Aviron Dijonnais","robots":{"index":"index","follow":"follow","max-snippet":"max-snippet:-1","max-image-preview":"max-image-preview:large","max-video-preview":"max-video-preview:-1"},"canonical":"https:\/\/avirondijonnais.com\/index.php\/2022\/02\/25\/ecole-francaise-daviron\/","og_locale":"fr_FR","og_type":"article","og_title":"Ecole Fran\u00e7aise d'Aviron - Aviron Dijonnais","og_description":"[vc_row][vc_column][vc_separator color=\u00a0\u00bbwhite\u00a0\u00bb border_width=\u00a0\u00bb6&Prime; el_width=\u00a0\u00bb70&Prime;][vc_separator style=\u00a0\u00bbshadow\u00a0\u00bb border_width=\u00a0\u00bb7&Prime; el_width=\u00a0\u00bb70&Prime;][\/vc_column][\/vc_row][vc_row][vc_column][vc_column_text]La Fe\u0301de\u0301ration Franc\u0327aise d&rsquo;Aviron a de\u0301cern\u00e9 pour l&rsquo;anne\u0301e 2022 le label \u00ab\u00a0E\u0301cole Franc\u0327aise d&rsquo;Aviron\u00a0\u00bb 1 e\u0301toile a\u0300 notre club avec les mentions comple\u0301mentaires : Aviron Sante\u0301 \/ Aviron et Handicaps. L&rsquo;attribution du label E\u0301cole Franc\u0327aise d&rsquo;Aviron 1 e\u0301toile te\u0301moigne de la qualite\u0301 d&rsquo;accueil et de la pe\u0301dagogie dont les&hellip;","og_url":"https:\/\/avirondijonnais.com\/index.php\/2022\/02\/25\/ecole-francaise-daviron\/","og_site_name":"Aviron Dijonnais","article_published_time":"2022-02-25T09:52:14+00:00","article_modified_time":"2022-02-25T09:58:58+00:00","og_image":[{"width":1085,"height":961,"url":"https:\/\/avirondijonnais.com\/wp-content\/uploads\/2022\/02\/Logo_Etoile1_2022.jpg","type":"image\/jpeg"}],"author":"Olivier","twitter_card":"summary_large_image","twitter_misc":{"\u00c9crit par":"Olivier","Dur\u00e9e de lecture estim\u00e9e":"1 minute"},"schema":{"@context":"https:\/\/schema.org","@graph":[{"@type":"Article","@id":"https:\/\/avirondijonnais.com\/index.php\/2022\/02\/25\/ecole-francaise-daviron\/#article","isPartOf":{"@id":"https:\/\/avirondijonnais.com\/index.php\/2022\/02\/25\/ecole-francaise-daviron\/"},"author":{"name":"Olivier","@id":"http:\/\/avirondijonnais.com\/#\/schema\/person\/d0fe4ec1a371a0daf8553ff349ecd8af"},"headline":"Ecole Fran\u00e7aise d&rsquo;Aviron","datePublished":"2022-02-25T09:52:14+00:00","dateModified":"2022-02-25T09:58:58+00:00","mainEntityOfPage":{"@id":"https:\/\/avirondijonnais.com\/index.php\/2022\/02\/25\/ecole-francaise-daviron\/"},"wordCount":179,"image":{"@id":"https:\/\/avirondijonnais.com\/index.php\/2022\/02\/25\/ecole-francaise-daviron\/#primaryimage"},"thumbnailUrl":"http:\/\/avirondijonnais.com\/wp-content\/uploads\/2022\/02\/Logo_Etoile1_2022.jpg","articleSection":["La vie du club"],"inLanguage":"fr-FR"},{"@type":"WebPage","@id":"https:\/\/avirondijonnais.com\/index.php\/2022\/02\/25\/ecole-francaise-daviron\/","url":"https:\/\/avirondijonnais.com\/index.php\/2022\/02\/25\/ecole-francaise-daviron\/","name":"Ecole Fran\u00e7aise d'Aviron - Aviron Dijonnais","isPartOf":{"@id":"http:\/\/avirondijonnais.com\/#website"},"primaryImageOfPage":{"@id":"https:\/\/avirondijonnais.com\/index.php\/2022\/02\/25\/ecole-francaise-daviron\/#primaryimage"},"image":{"@id":"https:\/\/avirondijonnais.com\/index.php\/2022\/02\/25\/ecole-francaise-daviron\/#primaryimage"},"thumbnailUrl":"http:\/\/avirondijonnais.com\/wp-content\/uploads\/2022\/02\/Logo_Etoile1_2022.jpg","datePublished":"2022-02-25T09:52:14+00:00","dateModified":"2022-02-25T09:58:58+00:00","author":{"@id":"http:\/\/avirondijonnais.com\/#\/schema\/person\/d0fe4ec1a371a0daf8553ff349ecd8af"},"breadcrumb":{"@id":"https:\/\/avirondijonnais.com\/index.php\/2022\/02\/25\/ecole-francaise-daviron\/#breadcrumb"},"inLanguage":"fr-FR","potentialAction":[{"@type":"ReadAction","target":["https:\/\/avirondijonnais.com\/index.php\/2022\/02\/25\/ecole-francaise-daviron\/"]}]},{"@type":"ImageObject","inLanguage":"fr-FR","@id":"https:\/\/avirondijonnais.com\/index.php\/2022\/02\/25\/ecole-francaise-daviron\/#primaryimage","url":"http:\/\/avirondijonnais.com\/wp-content\/uploads\/2022\/02\/Logo_Etoile1_2022.jpg","contentUrl":"http:\/\/avirondijonnais.com\/wp-content\/uploads\/2022\/02\/Logo_Etoile1_2022.jpg","width":1085,"height":961},{"@type":"BreadcrumbList","@id":"https:\/\/avirondijonnais.com\/index.php\/2022\/02\/25\/ecole-francaise-daviron\/#breadcrumb","itemListElement":[{"@type":"ListItem","position":1,"name":"Accueil","item":"http:\/\/avirondijonnais.com\/"},{"@type":"ListItem","position":2,"name":"Ecole Fran\u00e7aise d&rsquo;Aviron"}]},{"@type":"WebSite","@id":"http:\/\/avirondijonnais.com\/#website","url":"http:\/\/avirondijonnais.com\/","name":"Aviron Dijonnais","description":"L&#039;aviron loisirs, pour les jeunes, pour tous \u00e0 Dijon sur le lac kir \u00e0 la base nautique","potentialAction":[{"@type":"SearchAction","target":{"@type":"EntryPoint","urlTemplate":"http:\/\/avirondijonnais.com\/?s={search_term_string}"},"query-input":{"@type":"PropertyValueSpecification","valueRequired":true,"valueName":"search_term_string"}}],"inLanguage":"fr-FR"},{"@type":"Person","@id":"http:\/\/avirondijonnais.com\/#\/schema\/person\/d0fe4ec1a371a0daf8553ff349ecd8af","name":"Olivier","image":{"@type":"ImageObject","inLanguage":"fr-FR","@id":"http:\/\/avirondijonnais.com\/#\/schema\/person\/image\/","url":"https:\/\/secure.gravatar.com\/avatar\/27aada894a71d218086094930177a87a517af62dff08b92d2095199c58ab740b?s=96&d=mm&r=g","contentUrl":"https:\/\/secure.gravatar.com\/avatar\/27aada894a71d218086094930177a87a517af62dff08b92d2095199c58ab740b?s=96&d=mm&r=g","caption":"Olivier"},"url":"http:\/\/avirondijonnais.com\/index.php\/author\/admin9698\/"}]}},"_links":{"self":[{"href":"http:\/\/avirondijonnais.com\/index.php\/wp-json\/wp\/v2\/posts\/17169","targetHints":{"allow":["GET"]}}],"collection":[{"href":"http:\/\/avirondijonnais.com\/index.php\/wp-json\/wp\/v2\/posts"}],"about":[{"href":"http:\/\/avirondijonnais.com\/index.php\/wp-json\/wp\/v2\/types\/post"}],"author":[{"embeddable":true,"href":"http:\/\/avirondijonnais.com\/index.php\/wp-json\/wp\/v2\/users\/1"}],"replies":[{"embeddable":true,"href":"http:\/\/avirondijonnais.com\/index.php\/wp-json\/wp\/v2\/comments?post=17169"}],"version-history":[{"count":4,"href":"http:\/\/avirondijonnais.com\/index.php\/wp-json\/wp\/v2\/posts\/17169\/revisions"}],"predecessor-version":[{"id":17177,"href":"http:\/\/avirondijonnais.com\/index.php\/wp-json\/wp\/v2\/posts\/17169\/revisions\/17177"}],"wp:featuredmedia":[{"embeddable":true,"href":"http:\/\/avirondijonnais.com\/index.php\/wp-json\/wp\/v2\/media\/17170"}],"wp:attachment":[{"href":"http:\/\/avirondijonnais.com\/index.php\/wp-json\/wp\/v2\/media?parent=17169"}],"wp:term":[{"taxonomy":"category","embeddable":true,"href":"http:\/\/avirondijonnais.com\/index.php\/wp-json\/wp\/v2\/categories?post=17169"},{"taxonomy":"post_tag","embeddable":true,"href":"http:\/\/avirondijonnais.com\/index.php\/wp-json\/wp\/v2\/tags?post=17169"}],"curies":[{"name":"wp","href":"https:\/\/api.w.org\/{rel}","templated":true}]}}