{"id":17607,"date":"2023-04-20T20:50:39","date_gmt":"2023-04-20T18:50:39","guid":{"rendered":"https:\/\/avirondijonnais.com\/?p=17607"},"modified":"2023-05-08T20:52:08","modified_gmt":"2023-05-08T18:52:08","slug":"randonnee-bressane","status":"publish","type":"post","link":"http:\/\/avirondijonnais.com\/index.php\/2023\/04\/20\/randonnee-bressane\/","title":{"rendered":"Randonn\u00e9e Bressane"},"content":{"rendered":"<div class=\"wpb-content-wrapper\"><p>[vc_row][vc_column]<div class=\"dt-fancy-separator h1-size\" style=\"width: 80%;\"><div class=\"dt-fancy-title\" style=\"color: #0552d2;\"><span class=\"separator-holder separator-left\"><\/span>Quelques souvenirs de la randonn\u00e9e Bressane<span class=\"separator-holder separator-right\"><\/span><\/div><\/div>[vc_separator color=\u00a0\u00bbwhite\u00a0\u00bb border_width=\u00a0\u00bb6&Prime; el_width=\u00a0\u00bb70&Prime;][vc_separator style=\u00a0\u00bbshadow\u00a0\u00bb border_width=\u00a0\u00bb7&Prime; el_width=\u00a0\u00bb70&Prime;][\/vc_column][\/vc_row][vc_row][vc_column][vc_column_text]<img loading=\"lazy\" decoding=\"async\" class=\"alignright wp-image-17610\" src=\"http:\/\/avirondijonnais.com\/wp-content\/uploads\/2023\/05\/rando_louhans_2023_2-225x300.jpg\" alt=\"\" width=\"450\" height=\"600\" srcset=\"http:\/\/avirondijonnais.com\/wp-content\/uploads\/2023\/05\/rando_louhans_2023_2-225x300.jpg 225w, http:\/\/avirondijonnais.com\/wp-content\/uploads\/2023\/05\/rando_louhans_2023_2-768x1024.jpg 768w, http:\/\/avirondijonnais.com\/wp-content\/uploads\/2023\/05\/rando_louhans_2023_2.jpg 810w\" sizes=\"auto, (max-width: 450px) 100vw, 450px\" \/>Pour la premi\u00e8re fois, le club d\u2019aviron de Louhans organisait une randonn\u00e9e au d\u00e9part de Cuisery (le village du livre). Une randonn\u00e9e de 25 km, sur la Seille, avec une arriv\u00e9e sur le ponton flottant de Louhans. Apr\u00e8s un accueil chaleureux \u00e0 Cuisery avec caf\u00e9s, sandwichs et sacs de ravitaillement, nous sommes partis en d\u00e9but d\u2019apr\u00e8s midi du samedi 01 avril. Les \u00e9quipages \u00e9taient r\u00e9gionaux : club de Chalon, Seurre, Sens, Dole, Dijon\u2026 Xavier, le pr\u00e9sident du club de Louhans et responsable de l\u2019organisation, avait \u00e9t\u00e9 cherch\u00e9 notre Yolette au club du Creusot avant de la ramener. Un grand merci \u00e0 lui au nom de notre \u00e9quipage compos\u00e9 de Albane, Lucie, Marie-Jo, John et Pascal.<br \/>\nNos 4 heures de navigation nous ont permis de profiter pleinement des lumi\u00e8res ensoleill\u00e9es de la Seille mais aussi de petits passsages de pluie et m\u00eame de gr\u00eale. La travers\u00e9e des 2 \u00e9cluses a permis de prendre un peu de repos. Les premiers sont arriv\u00e9s avec 2 h d\u2019avance sur nous mais&#8230; il est vrai que nous avons m\u00eame r\u00e9ussi \u00e0 nous perdre sur un bras de la Seille. Une \u00e9quipe de b\u00e9n\u00e9voles nous attendait \u00e0 Louhans pour sortir le bateau avant de les retrouver un peu plus tard autour d\u2019une bonne choucroute maison. Quelques jours apr\u00e8s, nous avons re\u00e7u le reportage r\u00e9alis\u00e9 par la jeune photographe pr\u00e9sente sur le bateau de s\u00e9curit\u00e9.<\/p>\n<p>Ce fut une belle randonn\u00e9e tr\u00e8s bien organis\u00e9e avec une \u00e9quipe, nombreuse de b\u00e9n\u00e9voles, motiv\u00e9e et sympathique.<\/p>\n<p>Merci \u00e0 Xavier, aux nombreux b\u00e9n\u00e9voles et \u00e0 Marjo qui nous avait inscrit, pr\u00e9par\u00e9 \u00e0 cette randonn\u00e9e par ses pr\u00e9cieux conseils et par la fourniture du mat\u00e9riel (r\u00e9servation de Yolette aupr\u00e8s de Xavier, gilets de sauvetage, gaffe, \u00e9cope\u2026).<\/p>\n<p>Pascal<\/p>\n<p><img loading=\"lazy\" decoding=\"async\" class=\"alignleft wp-image-17613\" src=\"http:\/\/avirondijonnais.com\/wp-content\/uploads\/2023\/05\/rando_louhans_2023_3-300x169.jpeg\" alt=\"\" width=\"600\" height=\"338\" srcset=\"http:\/\/avirondijonnais.com\/wp-content\/uploads\/2023\/05\/rando_louhans_2023_3-300x169.jpeg 300w, http:\/\/avirondijonnais.com\/wp-content\/uploads\/2023\/05\/rando_louhans_2023_3-1024x576.jpeg 1024w, http:\/\/avirondijonnais.com\/wp-content\/uploads\/2023\/05\/rando_louhans_2023_3-768x432.jpeg 768w, http:\/\/avirondijonnais.com\/wp-content\/uploads\/2023\/05\/rando_louhans_2023_3.jpeg 1080w\" sizes=\"auto, (max-width: 600px) 100vw, 600px\" \/>[\/vc_column_text][\/vc_column][\/vc_row][vc_row][vc_column][\/vc_column][\/vc_row]<\/p>\n<\/div>","protected":false},"excerpt":{"rendered":"<p>[vc_row][vc_column][vc_separator color=\u00a0\u00bbwhite\u00a0\u00bb border_width=\u00a0\u00bb6&Prime; el_width=\u00a0\u00bb70&Prime;][vc_separator style=\u00a0\u00bbshadow\u00a0\u00bb border_width=\u00a0\u00bb7&Prime; el_width=\u00a0\u00bb70&Prime;][\/vc_column][\/vc_row][vc_row][vc_column][vc_column_text]Pour la premi\u00e8re fois, le club d\u2019aviron de Louhans organisait une randonn\u00e9e au d\u00e9part de Cuisery (le village du livre). Une randonn\u00e9e de 25 km, sur la Seille, avec une arriv\u00e9e sur le ponton flottant de Louhans. Apr\u00e8s un accueil chaleureux \u00e0 Cuisery avec caf\u00e9s, sandwichs et sacs de&hellip;<\/p>\n","protected":false},"author":1,"featured_media":17609,"comment_status":"closed","ping_status":"open","sticky":false,"template":"","format":"standard","meta":{"footnotes":""},"categories":[34,59],"tags":[],"class_list":["post-17607","post","type-post","status-publish","format-standard","has-post-thumbnail","hentry","category-laviron","category-loisirs","category-34","category-59","description-off"],"yoast_head":"<!-- This site is optimized with the Yoast SEO plugin v26.9 - https:\/\/yoast.com\/product\/yoast-seo-wordpress\/ -->\n<title>Randonn\u00e9e Bressane - Aviron Dijonnais<\/title>\n<meta name=\"robots\" content=\"index, follow, max-snippet:-1, max-image-preview:large, max-video-preview:-1\" \/>\n<link rel=\"canonical\" href=\"http:\/\/avirondijonnais.com\/index.php\/2023\/04\/20\/randonnee-bressane\/\" \/>\n<meta property=\"og:locale\" content=\"fr_FR\" \/>\n<meta property=\"og:type\" content=\"article\" \/>\n<meta property=\"og:title\" content=\"Randonn\u00e9e Bressane - Aviron Dijonnais\" \/>\n<meta property=\"og:description\" content=\"[vc_row][vc_column][vc_separator color=\u00a0\u00bbwhite\u00a0\u00bb border_width=\u00a0\u00bb6&Prime; el_width=\u00a0\u00bb70&Prime;][vc_separator style=\u00a0\u00bbshadow\u00a0\u00bb border_width=\u00a0\u00bb7&Prime; el_width=\u00a0\u00bb70&Prime;][\/vc_column][\/vc_row][vc_row][vc_column][vc_column_text]Pour la premi\u00e8re fois, le club d\u2019aviron de Louhans organisait une randonn\u00e9e au d\u00e9part de Cuisery (le village du livre). Une randonn\u00e9e de 25 km, sur la Seille, avec une arriv\u00e9e sur le ponton flottant de Louhans. Apr\u00e8s un accueil chaleureux \u00e0 Cuisery avec caf\u00e9s, sandwichs et sacs de&hellip;\" \/>\n<meta property=\"og:url\" content=\"http:\/\/avirondijonnais.com\/index.php\/2023\/04\/20\/randonnee-bressane\/\" \/>\n<meta property=\"og:site_name\" content=\"Aviron Dijonnais\" \/>\n<meta property=\"article:published_time\" content=\"2023-04-20T18:50:39+00:00\" \/>\n<meta property=\"article:modified_time\" content=\"2023-05-08T18:52:08+00:00\" \/>\n<meta property=\"og:image\" content=\"http:\/\/avirondijonnais.com\/wp-content\/uploads\/2023\/05\/rando_louhans_2023.jpeg\" \/>\n\t<meta property=\"og:image:width\" content=\"1080\" \/>\n\t<meta property=\"og:image:height\" content=\"608\" \/>\n\t<meta property=\"og:image:type\" content=\"image\/jpeg\" \/>\n<meta name=\"author\" content=\"Olivier\" \/>\n<meta name=\"twitter:card\" content=\"summary_large_image\" \/>\n<meta name=\"twitter:label1\" content=\"\u00c9crit par\" \/>\n\t<meta name=\"twitter:data1\" content=\"Olivier\" \/>\n\t<meta name=\"twitter:label2\" content=\"Dur\u00e9e de lecture estim\u00e9e\" \/>\n\t<meta name=\"twitter:data2\" content=\"2 minutes\" \/>\n<script type=\"application\/ld+json\" class=\"yoast-schema-graph\">{\"@context\":\"https:\/\/schema.org\",\"@graph\":[{\"@type\":\"Article\",\"@id\":\"http:\/\/avirondijonnais.com\/index.php\/2023\/04\/20\/randonnee-bressane\/#article\",\"isPartOf\":{\"@id\":\"http:\/\/avirondijonnais.com\/index.php\/2023\/04\/20\/randonnee-bressane\/\"},\"author\":{\"name\":\"Olivier\",\"@id\":\"http:\/\/avirondijonnais.com\/#\/schema\/person\/d0fe4ec1a371a0daf8553ff349ecd8af\"},\"headline\":\"Randonn\u00e9e Bressane\",\"datePublished\":\"2023-04-20T18:50:39+00:00\",\"dateModified\":\"2023-05-08T18:52:08+00:00\",\"mainEntityOfPage\":{\"@id\":\"http:\/\/avirondijonnais.com\/index.php\/2023\/04\/20\/randonnee-bressane\/\"},\"wordCount\":388,\"image\":{\"@id\":\"http:\/\/avirondijonnais.com\/index.php\/2023\/04\/20\/randonnee-bressane\/#primaryimage\"},\"thumbnailUrl\":\"http:\/\/avirondijonnais.com\/wp-content\/uploads\/2023\/05\/rando_louhans_2023.jpeg\",\"articleSection\":[\"La vie du club\",\"Loisirs\"],\"inLanguage\":\"fr-FR\"},{\"@type\":\"WebPage\",\"@id\":\"http:\/\/avirondijonnais.com\/index.php\/2023\/04\/20\/randonnee-bressane\/\",\"url\":\"http:\/\/avirondijonnais.com\/index.php\/2023\/04\/20\/randonnee-bressane\/\",\"name\":\"Randonn\u00e9e Bressane - Aviron Dijonnais\",\"isPartOf\":{\"@id\":\"http:\/\/avirondijonnais.com\/#website\"},\"primaryImageOfPage\":{\"@id\":\"http:\/\/avirondijonnais.com\/index.php\/2023\/04\/20\/randonnee-bressane\/#primaryimage\"},\"image\":{\"@id\":\"http:\/\/avirondijonnais.com\/index.php\/2023\/04\/20\/randonnee-bressane\/#primaryimage\"},\"thumbnailUrl\":\"http:\/\/avirondijonnais.com\/wp-content\/uploads\/2023\/05\/rando_louhans_2023.jpeg\",\"datePublished\":\"2023-04-20T18:50:39+00:00\",\"dateModified\":\"2023-05-08T18:52:08+00:00\",\"author\":{\"@id\":\"http:\/\/avirondijonnais.com\/#\/schema\/person\/d0fe4ec1a371a0daf8553ff349ecd8af\"},\"breadcrumb\":{\"@id\":\"http:\/\/avirondijonnais.com\/index.php\/2023\/04\/20\/randonnee-bressane\/#breadcrumb\"},\"inLanguage\":\"fr-FR\",\"potentialAction\":[{\"@type\":\"ReadAction\",\"target\":[\"http:\/\/avirondijonnais.com\/index.php\/2023\/04\/20\/randonnee-bressane\/\"]}]},{\"@type\":\"ImageObject\",\"inLanguage\":\"fr-FR\",\"@id\":\"http:\/\/avirondijonnais.com\/index.php\/2023\/04\/20\/randonnee-bressane\/#primaryimage\",\"url\":\"http:\/\/avirondijonnais.com\/wp-content\/uploads\/2023\/05\/rando_louhans_2023.jpeg\",\"contentUrl\":\"http:\/\/avirondijonnais.com\/wp-content\/uploads\/2023\/05\/rando_louhans_2023.jpeg\",\"width\":1080,\"height\":608},{\"@type\":\"BreadcrumbList\",\"@id\":\"http:\/\/avirondijonnais.com\/index.php\/2023\/04\/20\/randonnee-bressane\/#breadcrumb\",\"itemListElement\":[{\"@type\":\"ListItem\",\"position\":1,\"name\":\"Accueil\",\"item\":\"https:\/\/avirondijonnais.com\/\"},{\"@type\":\"ListItem\",\"position\":2,\"name\":\"Randonn\u00e9e Bressane\"}]},{\"@type\":\"WebSite\",\"@id\":\"http:\/\/avirondijonnais.com\/#website\",\"url\":\"http:\/\/avirondijonnais.com\/\",\"name\":\"Aviron Dijonnais\",\"description\":\"L&#039;aviron loisirs, pour les jeunes, pour tous \u00e0 Dijon sur le lac kir \u00e0 la base nautique\",\"potentialAction\":[{\"@type\":\"SearchAction\",\"target\":{\"@type\":\"EntryPoint\",\"urlTemplate\":\"http:\/\/avirondijonnais.com\/?s={search_term_string}\"},\"query-input\":{\"@type\":\"PropertyValueSpecification\",\"valueRequired\":true,\"valueName\":\"search_term_string\"}}],\"inLanguage\":\"fr-FR\"},{\"@type\":\"Person\",\"@id\":\"http:\/\/avirondijonnais.com\/#\/schema\/person\/d0fe4ec1a371a0daf8553ff349ecd8af\",\"name\":\"Olivier\",\"image\":{\"@type\":\"ImageObject\",\"inLanguage\":\"fr-FR\",\"@id\":\"http:\/\/avirondijonnais.com\/#\/schema\/person\/image\/\",\"url\":\"https:\/\/secure.gravatar.com\/avatar\/27aada894a71d218086094930177a87a517af62dff08b92d2095199c58ab740b?s=96&d=mm&r=g\",\"contentUrl\":\"https:\/\/secure.gravatar.com\/avatar\/27aada894a71d218086094930177a87a517af62dff08b92d2095199c58ab740b?s=96&d=mm&r=g\",\"caption\":\"Olivier\"},\"url\":\"http:\/\/avirondijonnais.com\/index.php\/author\/admin9698\/\"}]}<\/script>\n<!-- \/ Yoast SEO plugin. -->","yoast_head_json":{"title":"Randonn\u00e9e Bressane - Aviron Dijonnais","robots":{"index":"index","follow":"follow","max-snippet":"max-snippet:-1","max-image-preview":"max-image-preview:large","max-video-preview":"max-video-preview:-1"},"canonical":"http:\/\/avirondijonnais.com\/index.php\/2023\/04\/20\/randonnee-bressane\/","og_locale":"fr_FR","og_type":"article","og_title":"Randonn\u00e9e Bressane - Aviron Dijonnais","og_description":"[vc_row][vc_column][vc_separator color=\u00a0\u00bbwhite\u00a0\u00bb border_width=\u00a0\u00bb6&Prime; el_width=\u00a0\u00bb70&Prime;][vc_separator style=\u00a0\u00bbshadow\u00a0\u00bb border_width=\u00a0\u00bb7&Prime; el_width=\u00a0\u00bb70&Prime;][\/vc_column][\/vc_row][vc_row][vc_column][vc_column_text]Pour la premi\u00e8re fois, le club d\u2019aviron de Louhans organisait une randonn\u00e9e au d\u00e9part de Cuisery (le village du livre). Une randonn\u00e9e de 25 km, sur la Seille, avec une arriv\u00e9e sur le ponton flottant de Louhans. Apr\u00e8s un accueil chaleureux \u00e0 Cuisery avec caf\u00e9s, sandwichs et sacs de&hellip;","og_url":"http:\/\/avirondijonnais.com\/index.php\/2023\/04\/20\/randonnee-bressane\/","og_site_name":"Aviron Dijonnais","article_published_time":"2023-04-20T18:50:39+00:00","article_modified_time":"2023-05-08T18:52:08+00:00","og_image":[{"width":1080,"height":608,"url":"http:\/\/avirondijonnais.com\/wp-content\/uploads\/2023\/05\/rando_louhans_2023.jpeg","type":"image\/jpeg"}],"author":"Olivier","twitter_card":"summary_large_image","twitter_misc":{"\u00c9crit par":"Olivier","Dur\u00e9e de lecture estim\u00e9e":"2 minutes"},"schema":{"@context":"https:\/\/schema.org","@graph":[{"@type":"Article","@id":"http:\/\/avirondijonnais.com\/index.php\/2023\/04\/20\/randonnee-bressane\/#article","isPartOf":{"@id":"http:\/\/avirondijonnais.com\/index.php\/2023\/04\/20\/randonnee-bressane\/"},"author":{"name":"Olivier","@id":"http:\/\/avirondijonnais.com\/#\/schema\/person\/d0fe4ec1a371a0daf8553ff349ecd8af"},"headline":"Randonn\u00e9e Bressane","datePublished":"2023-04-20T18:50:39+00:00","dateModified":"2023-05-08T18:52:08+00:00","mainEntityOfPage":{"@id":"http:\/\/avirondijonnais.com\/index.php\/2023\/04\/20\/randonnee-bressane\/"},"wordCount":388,"image":{"@id":"http:\/\/avirondijonnais.com\/index.php\/2023\/04\/20\/randonnee-bressane\/#primaryimage"},"thumbnailUrl":"http:\/\/avirondijonnais.com\/wp-content\/uploads\/2023\/05\/rando_louhans_2023.jpeg","articleSection":["La vie du club","Loisirs"],"inLanguage":"fr-FR"},{"@type":"WebPage","@id":"http:\/\/avirondijonnais.com\/index.php\/2023\/04\/20\/randonnee-bressane\/","url":"http:\/\/avirondijonnais.com\/index.php\/2023\/04\/20\/randonnee-bressane\/","name":"Randonn\u00e9e Bressane - Aviron Dijonnais","isPartOf":{"@id":"http:\/\/avirondijonnais.com\/#website"},"primaryImageOfPage":{"@id":"http:\/\/avirondijonnais.com\/index.php\/2023\/04\/20\/randonnee-bressane\/#primaryimage"},"image":{"@id":"http:\/\/avirondijonnais.com\/index.php\/2023\/04\/20\/randonnee-bressane\/#primaryimage"},"thumbnailUrl":"http:\/\/avirondijonnais.com\/wp-content\/uploads\/2023\/05\/rando_louhans_2023.jpeg","datePublished":"2023-04-20T18:50:39+00:00","dateModified":"2023-05-08T18:52:08+00:00","author":{"@id":"http:\/\/avirondijonnais.com\/#\/schema\/person\/d0fe4ec1a371a0daf8553ff349ecd8af"},"breadcrumb":{"@id":"http:\/\/avirondijonnais.com\/index.php\/2023\/04\/20\/randonnee-bressane\/#breadcrumb"},"inLanguage":"fr-FR","potentialAction":[{"@type":"ReadAction","target":["http:\/\/avirondijonnais.com\/index.php\/2023\/04\/20\/randonnee-bressane\/"]}]},{"@type":"ImageObject","inLanguage":"fr-FR","@id":"http:\/\/avirondijonnais.com\/index.php\/2023\/04\/20\/randonnee-bressane\/#primaryimage","url":"http:\/\/avirondijonnais.com\/wp-content\/uploads\/2023\/05\/rando_louhans_2023.jpeg","contentUrl":"http:\/\/avirondijonnais.com\/wp-content\/uploads\/2023\/05\/rando_louhans_2023.jpeg","width":1080,"height":608},{"@type":"BreadcrumbList","@id":"http:\/\/avirondijonnais.com\/index.php\/2023\/04\/20\/randonnee-bressane\/#breadcrumb","itemListElement":[{"@type":"ListItem","position":1,"name":"Accueil","item":"https:\/\/avirondijonnais.com\/"},{"@type":"ListItem","position":2,"name":"Randonn\u00e9e Bressane"}]},{"@type":"WebSite","@id":"http:\/\/avirondijonnais.com\/#website","url":"http:\/\/avirondijonnais.com\/","name":"Aviron Dijonnais","description":"L&#039;aviron loisirs, pour les jeunes, pour tous \u00e0 Dijon sur le lac kir \u00e0 la base nautique","potentialAction":[{"@type":"SearchAction","target":{"@type":"EntryPoint","urlTemplate":"http:\/\/avirondijonnais.com\/?s={search_term_string}"},"query-input":{"@type":"PropertyValueSpecification","valueRequired":true,"valueName":"search_term_string"}}],"inLanguage":"fr-FR"},{"@type":"Person","@id":"http:\/\/avirondijonnais.com\/#\/schema\/person\/d0fe4ec1a371a0daf8553ff349ecd8af","name":"Olivier","image":{"@type":"ImageObject","inLanguage":"fr-FR","@id":"http:\/\/avirondijonnais.com\/#\/schema\/person\/image\/","url":"https:\/\/secure.gravatar.com\/avatar\/27aada894a71d218086094930177a87a517af62dff08b92d2095199c58ab740b?s=96&d=mm&r=g","contentUrl":"https:\/\/secure.gravatar.com\/avatar\/27aada894a71d218086094930177a87a517af62dff08b92d2095199c58ab740b?s=96&d=mm&r=g","caption":"Olivier"},"url":"http:\/\/avirondijonnais.com\/index.php\/author\/admin9698\/"}]}},"_links":{"self":[{"href":"http:\/\/avirondijonnais.com\/index.php\/wp-json\/wp\/v2\/posts\/17607","targetHints":{"allow":["GET"]}}],"collection":[{"href":"http:\/\/avirondijonnais.com\/index.php\/wp-json\/wp\/v2\/posts"}],"about":[{"href":"http:\/\/avirondijonnais.com\/index.php\/wp-json\/wp\/v2\/types\/post"}],"author":[{"embeddable":true,"href":"http:\/\/avirondijonnais.com\/index.php\/wp-json\/wp\/v2\/users\/1"}],"replies":[{"embeddable":true,"href":"http:\/\/avirondijonnais.com\/index.php\/wp-json\/wp\/v2\/comments?post=17607"}],"version-history":[{"count":5,"href":"http:\/\/avirondijonnais.com\/index.php\/wp-json\/wp\/v2\/posts\/17607\/revisions"}],"predecessor-version":[{"id":17615,"href":"http:\/\/avirondijonnais.com\/index.php\/wp-json\/wp\/v2\/posts\/17607\/revisions\/17615"}],"wp:featuredmedia":[{"embeddable":true,"href":"http:\/\/avirondijonnais.com\/index.php\/wp-json\/wp\/v2\/media\/17609"}],"wp:attachment":[{"href":"http:\/\/avirondijonnais.com\/index.php\/wp-json\/wp\/v2\/media?parent=17607"}],"wp:term":[{"taxonomy":"category","embeddable":true,"href":"http:\/\/avirondijonnais.com\/index.php\/wp-json\/wp\/v2\/categories?post=17607"},{"taxonomy":"post_tag","embeddable":true,"href":"http:\/\/avirondijonnais.com\/index.php\/wp-json\/wp\/v2\/tags?post=17607"}],"curies":[{"name":"wp","href":"https:\/\/api.w.org\/{rel}","templated":true}]}}