{"id":17652,"date":"2023-04-27T17:34:10","date_gmt":"2023-04-27T15:34:10","guid":{"rendered":"https:\/\/avirondijonnais.com\/?p=17652"},"modified":"2023-05-13T17:55:58","modified_gmt":"2023-05-13T15:55:58","slug":"randonnee-de-roanne","status":"publish","type":"post","link":"http:\/\/avirondijonnais.com\/index.php\/2023\/04\/27\/randonnee-de-roanne\/","title":{"rendered":"Randonn\u00e9e de Roanne"},"content":{"rendered":"<div class=\"wpb-content-wrapper\"><p>[vc_row][vc_column]<div class=\"dt-fancy-separator h1-size\" style=\"width: 80%;\"><div class=\"dt-fancy-title\" style=\"color: #0552d2;\"><span class=\"separator-holder separator-left\"><\/span>Randonn\u00e9e du lac de Villerest<span class=\"separator-holder separator-right\"><\/span><\/div><\/div>[vc_separator color=\u00a0\u00bbwhite\u00a0\u00bb border_width=\u00a0\u00bb6&Prime; el_width=\u00a0\u00bb70&Prime;][vc_separator style=\u00a0\u00bbshadow\u00a0\u00bb border_width=\u00a0\u00bb7&Prime; el_width=\u00a0\u00bb70&Prime;][\/vc_column][\/vc_row][vc_row][vc_column][vc_column_text]<img loading=\"lazy\" decoding=\"async\" class=\"alignright wp-image-17653\" src=\"http:\/\/avirondijonnais.com\/wp-content\/uploads\/2023\/05\/rando_villerest_01-768x1024.jpeg\" alt=\"\" width=\"500\" height=\"667\" srcset=\"http:\/\/avirondijonnais.com\/wp-content\/uploads\/2023\/05\/rando_villerest_01-768x1024.jpeg 768w, http:\/\/avirondijonnais.com\/wp-content\/uploads\/2023\/05\/rando_villerest_01-225x300.jpeg 225w, http:\/\/avirondijonnais.com\/wp-content\/uploads\/2023\/05\/rando_villerest_01.jpeg 810w\" sizes=\"auto, (max-width: 500px) 100vw, 500px\" \/>Le week-end du 23 &amp; 24 avril, \u00e9tait organis\u00e9e la randonn\u00e9e du lac de Villerest. L&rsquo;occasion pour certain de nos rameurs de faire une balade d&rsquo;une 30\u00e8ne de kilom\u00e8tre. Un temps plut\u00f4t favorable et un d\u00e9paysement sympa sur cette belle partie de la Loire, l&rsquo;occasion de d\u00e9couvrir depuis le plan d&rsquo;eau le Ch\u00e2teau de la Roche.[\/vc_column_text][\/vc_column][\/vc_row][vc_row][vc_column][vc_single_image image=\u00a0\u00bb17656&Prime; img_size=\u00a0\u00bblarge\u00a0\u00bb][\/vc_column][\/vc_row]<\/p>\n<\/div>","protected":false},"excerpt":{"rendered":"<p>[vc_row][vc_column][vc_separator color=\u00a0\u00bbwhite\u00a0\u00bb border_width=\u00a0\u00bb6&Prime; el_width=\u00a0\u00bb70&Prime;][vc_separator style=\u00a0\u00bbshadow\u00a0\u00bb border_width=\u00a0\u00bb7&Prime; el_width=\u00a0\u00bb70&Prime;][\/vc_column][\/vc_row][vc_row][vc_column][vc_column_text]Le week-end du 23 &amp; 24 avril, \u00e9tait organis\u00e9e la randonn\u00e9e du lac de Villerest. L&rsquo;occasion pour certain de nos rameurs de faire une balade d&rsquo;une 30\u00e8ne de kilom\u00e8tre. Un temps plut\u00f4t favorable et un d\u00e9paysement sympa sur cette belle partie de la Loire, l&rsquo;occasion de d\u00e9couvrir depuis le&hellip;<\/p>\n","protected":false},"author":1,"featured_media":17654,"comment_status":"closed","ping_status":"open","sticky":false,"template":"","format":"standard","meta":{"footnotes":""},"categories":[59],"tags":[],"class_list":["post-17652","post","type-post","status-publish","format-standard","has-post-thumbnail","hentry","category-loisirs","category-59","description-off"],"yoast_head":"<!-- This site is optimized with the Yoast SEO plugin v26.9 - https:\/\/yoast.com\/product\/yoast-seo-wordpress\/ -->\n<title>Randonn\u00e9e de Roanne - Aviron Dijonnais<\/title>\n<meta name=\"robots\" content=\"index, follow, max-snippet:-1, max-image-preview:large, max-video-preview:-1\" \/>\n<link rel=\"canonical\" href=\"http:\/\/avirondijonnais.com\/index.php\/2023\/04\/27\/randonnee-de-roanne\/\" \/>\n<meta property=\"og:locale\" content=\"fr_FR\" \/>\n<meta property=\"og:type\" content=\"article\" \/>\n<meta property=\"og:title\" content=\"Randonn\u00e9e de Roanne - Aviron Dijonnais\" \/>\n<meta property=\"og:description\" content=\"[vc_row][vc_column][vc_separator color=\u00a0\u00bbwhite\u00a0\u00bb border_width=\u00a0\u00bb6&Prime; el_width=\u00a0\u00bb70&Prime;][vc_separator style=\u00a0\u00bbshadow\u00a0\u00bb border_width=\u00a0\u00bb7&Prime; el_width=\u00a0\u00bb70&Prime;][\/vc_column][\/vc_row][vc_row][vc_column][vc_column_text]Le week-end du 23 &amp; 24 avril, \u00e9tait organis\u00e9e la randonn\u00e9e du lac de Villerest. L&rsquo;occasion pour certain de nos rameurs de faire une balade d&rsquo;une 30\u00e8ne de kilom\u00e8tre. Un temps plut\u00f4t favorable et un d\u00e9paysement sympa sur cette belle partie de la Loire, l&rsquo;occasion de d\u00e9couvrir depuis le&hellip;\" \/>\n<meta property=\"og:url\" content=\"http:\/\/avirondijonnais.com\/index.php\/2023\/04\/27\/randonnee-de-roanne\/\" \/>\n<meta property=\"og:site_name\" content=\"Aviron Dijonnais\" \/>\n<meta property=\"article:published_time\" content=\"2023-04-27T15:34:10+00:00\" \/>\n<meta property=\"article:modified_time\" content=\"2023-05-13T15:55:58+00:00\" \/>\n<meta property=\"og:image\" content=\"http:\/\/avirondijonnais.com\/wp-content\/uploads\/2023\/05\/rando_villerest_02.jpg\" \/>\n\t<meta property=\"og:image:width\" content=\"1080\" \/>\n\t<meta property=\"og:image:height\" content=\"688\" \/>\n\t<meta property=\"og:image:type\" content=\"image\/jpeg\" \/>\n<meta name=\"author\" content=\"Olivier\" \/>\n<meta name=\"twitter:card\" content=\"summary_large_image\" \/>\n<meta name=\"twitter:label1\" content=\"\u00c9crit par\" \/>\n\t<meta name=\"twitter:data1\" content=\"Olivier\" \/>\n\t<meta name=\"twitter:label2\" content=\"Dur\u00e9e de lecture estim\u00e9e\" \/>\n\t<meta name=\"twitter:data2\" content=\"1 minute\" \/>\n<script type=\"application\/ld+json\" class=\"yoast-schema-graph\">{\"@context\":\"https:\/\/schema.org\",\"@graph\":[{\"@type\":\"Article\",\"@id\":\"http:\/\/avirondijonnais.com\/index.php\/2023\/04\/27\/randonnee-de-roanne\/#article\",\"isPartOf\":{\"@id\":\"http:\/\/avirondijonnais.com\/index.php\/2023\/04\/27\/randonnee-de-roanne\/\"},\"author\":{\"name\":\"Olivier\",\"@id\":\"http:\/\/avirondijonnais.com\/#\/schema\/person\/d0fe4ec1a371a0daf8553ff349ecd8af\"},\"headline\":\"Randonn\u00e9e de Roanne\",\"datePublished\":\"2023-04-27T15:34:10+00:00\",\"dateModified\":\"2023-05-13T15:55:58+00:00\",\"mainEntityOfPage\":{\"@id\":\"http:\/\/avirondijonnais.com\/index.php\/2023\/04\/27\/randonnee-de-roanne\/\"},\"wordCount\":144,\"image\":{\"@id\":\"http:\/\/avirondijonnais.com\/index.php\/2023\/04\/27\/randonnee-de-roanne\/#primaryimage\"},\"thumbnailUrl\":\"http:\/\/avirondijonnais.com\/wp-content\/uploads\/2023\/05\/rando_villerest_02.jpg\",\"articleSection\":[\"Loisirs\"],\"inLanguage\":\"fr-FR\"},{\"@type\":\"WebPage\",\"@id\":\"http:\/\/avirondijonnais.com\/index.php\/2023\/04\/27\/randonnee-de-roanne\/\",\"url\":\"http:\/\/avirondijonnais.com\/index.php\/2023\/04\/27\/randonnee-de-roanne\/\",\"name\":\"Randonn\u00e9e de Roanne - Aviron Dijonnais\",\"isPartOf\":{\"@id\":\"http:\/\/avirondijonnais.com\/#website\"},\"primaryImageOfPage\":{\"@id\":\"http:\/\/avirondijonnais.com\/index.php\/2023\/04\/27\/randonnee-de-roanne\/#primaryimage\"},\"image\":{\"@id\":\"http:\/\/avirondijonnais.com\/index.php\/2023\/04\/27\/randonnee-de-roanne\/#primaryimage\"},\"thumbnailUrl\":\"http:\/\/avirondijonnais.com\/wp-content\/uploads\/2023\/05\/rando_villerest_02.jpg\",\"datePublished\":\"2023-04-27T15:34:10+00:00\",\"dateModified\":\"2023-05-13T15:55:58+00:00\",\"author\":{\"@id\":\"http:\/\/avirondijonnais.com\/#\/schema\/person\/d0fe4ec1a371a0daf8553ff349ecd8af\"},\"breadcrumb\":{\"@id\":\"http:\/\/avirondijonnais.com\/index.php\/2023\/04\/27\/randonnee-de-roanne\/#breadcrumb\"},\"inLanguage\":\"fr-FR\",\"potentialAction\":[{\"@type\":\"ReadAction\",\"target\":[\"http:\/\/avirondijonnais.com\/index.php\/2023\/04\/27\/randonnee-de-roanne\/\"]}]},{\"@type\":\"ImageObject\",\"inLanguage\":\"fr-FR\",\"@id\":\"http:\/\/avirondijonnais.com\/index.php\/2023\/04\/27\/randonnee-de-roanne\/#primaryimage\",\"url\":\"http:\/\/avirondijonnais.com\/wp-content\/uploads\/2023\/05\/rando_villerest_02.jpg\",\"contentUrl\":\"http:\/\/avirondijonnais.com\/wp-content\/uploads\/2023\/05\/rando_villerest_02.jpg\",\"width\":1080,\"height\":688},{\"@type\":\"BreadcrumbList\",\"@id\":\"http:\/\/avirondijonnais.com\/index.php\/2023\/04\/27\/randonnee-de-roanne\/#breadcrumb\",\"itemListElement\":[{\"@type\":\"ListItem\",\"position\":1,\"name\":\"Accueil\",\"item\":\"https:\/\/avirondijonnais.com\/\"},{\"@type\":\"ListItem\",\"position\":2,\"name\":\"Randonn\u00e9e de Roanne\"}]},{\"@type\":\"WebSite\",\"@id\":\"http:\/\/avirondijonnais.com\/#website\",\"url\":\"http:\/\/avirondijonnais.com\/\",\"name\":\"Aviron Dijonnais\",\"description\":\"L&#039;aviron loisirs, pour les jeunes, pour tous \u00e0 Dijon sur le lac kir \u00e0 la base nautique\",\"potentialAction\":[{\"@type\":\"SearchAction\",\"target\":{\"@type\":\"EntryPoint\",\"urlTemplate\":\"http:\/\/avirondijonnais.com\/?s={search_term_string}\"},\"query-input\":{\"@type\":\"PropertyValueSpecification\",\"valueRequired\":true,\"valueName\":\"search_term_string\"}}],\"inLanguage\":\"fr-FR\"},{\"@type\":\"Person\",\"@id\":\"http:\/\/avirondijonnais.com\/#\/schema\/person\/d0fe4ec1a371a0daf8553ff349ecd8af\",\"name\":\"Olivier\",\"image\":{\"@type\":\"ImageObject\",\"inLanguage\":\"fr-FR\",\"@id\":\"http:\/\/avirondijonnais.com\/#\/schema\/person\/image\/\",\"url\":\"https:\/\/secure.gravatar.com\/avatar\/27aada894a71d218086094930177a87a517af62dff08b92d2095199c58ab740b?s=96&d=mm&r=g\",\"contentUrl\":\"https:\/\/secure.gravatar.com\/avatar\/27aada894a71d218086094930177a87a517af62dff08b92d2095199c58ab740b?s=96&d=mm&r=g\",\"caption\":\"Olivier\"},\"url\":\"http:\/\/avirondijonnais.com\/index.php\/author\/admin9698\/\"}]}<\/script>\n<!-- \/ Yoast SEO plugin. -->","yoast_head_json":{"title":"Randonn\u00e9e de Roanne - Aviron Dijonnais","robots":{"index":"index","follow":"follow","max-snippet":"max-snippet:-1","max-image-preview":"max-image-preview:large","max-video-preview":"max-video-preview:-1"},"canonical":"http:\/\/avirondijonnais.com\/index.php\/2023\/04\/27\/randonnee-de-roanne\/","og_locale":"fr_FR","og_type":"article","og_title":"Randonn\u00e9e de Roanne - Aviron Dijonnais","og_description":"[vc_row][vc_column][vc_separator color=\u00a0\u00bbwhite\u00a0\u00bb border_width=\u00a0\u00bb6&Prime; el_width=\u00a0\u00bb70&Prime;][vc_separator style=\u00a0\u00bbshadow\u00a0\u00bb border_width=\u00a0\u00bb7&Prime; el_width=\u00a0\u00bb70&Prime;][\/vc_column][\/vc_row][vc_row][vc_column][vc_column_text]Le week-end du 23 &amp; 24 avril, \u00e9tait organis\u00e9e la randonn\u00e9e du lac de Villerest. L&rsquo;occasion pour certain de nos rameurs de faire une balade d&rsquo;une 30\u00e8ne de kilom\u00e8tre. Un temps plut\u00f4t favorable et un d\u00e9paysement sympa sur cette belle partie de la Loire, l&rsquo;occasion de d\u00e9couvrir depuis le&hellip;","og_url":"http:\/\/avirondijonnais.com\/index.php\/2023\/04\/27\/randonnee-de-roanne\/","og_site_name":"Aviron Dijonnais","article_published_time":"2023-04-27T15:34:10+00:00","article_modified_time":"2023-05-13T15:55:58+00:00","og_image":[{"width":1080,"height":688,"url":"http:\/\/avirondijonnais.com\/wp-content\/uploads\/2023\/05\/rando_villerest_02.jpg","type":"image\/jpeg"}],"author":"Olivier","twitter_card":"summary_large_image","twitter_misc":{"\u00c9crit par":"Olivier","Dur\u00e9e de lecture estim\u00e9e":"1 minute"},"schema":{"@context":"https:\/\/schema.org","@graph":[{"@type":"Article","@id":"http:\/\/avirondijonnais.com\/index.php\/2023\/04\/27\/randonnee-de-roanne\/#article","isPartOf":{"@id":"http:\/\/avirondijonnais.com\/index.php\/2023\/04\/27\/randonnee-de-roanne\/"},"author":{"name":"Olivier","@id":"http:\/\/avirondijonnais.com\/#\/schema\/person\/d0fe4ec1a371a0daf8553ff349ecd8af"},"headline":"Randonn\u00e9e de Roanne","datePublished":"2023-04-27T15:34:10+00:00","dateModified":"2023-05-13T15:55:58+00:00","mainEntityOfPage":{"@id":"http:\/\/avirondijonnais.com\/index.php\/2023\/04\/27\/randonnee-de-roanne\/"},"wordCount":144,"image":{"@id":"http:\/\/avirondijonnais.com\/index.php\/2023\/04\/27\/randonnee-de-roanne\/#primaryimage"},"thumbnailUrl":"http:\/\/avirondijonnais.com\/wp-content\/uploads\/2023\/05\/rando_villerest_02.jpg","articleSection":["Loisirs"],"inLanguage":"fr-FR"},{"@type":"WebPage","@id":"http:\/\/avirondijonnais.com\/index.php\/2023\/04\/27\/randonnee-de-roanne\/","url":"http:\/\/avirondijonnais.com\/index.php\/2023\/04\/27\/randonnee-de-roanne\/","name":"Randonn\u00e9e de Roanne - Aviron Dijonnais","isPartOf":{"@id":"http:\/\/avirondijonnais.com\/#website"},"primaryImageOfPage":{"@id":"http:\/\/avirondijonnais.com\/index.php\/2023\/04\/27\/randonnee-de-roanne\/#primaryimage"},"image":{"@id":"http:\/\/avirondijonnais.com\/index.php\/2023\/04\/27\/randonnee-de-roanne\/#primaryimage"},"thumbnailUrl":"http:\/\/avirondijonnais.com\/wp-content\/uploads\/2023\/05\/rando_villerest_02.jpg","datePublished":"2023-04-27T15:34:10+00:00","dateModified":"2023-05-13T15:55:58+00:00","author":{"@id":"http:\/\/avirondijonnais.com\/#\/schema\/person\/d0fe4ec1a371a0daf8553ff349ecd8af"},"breadcrumb":{"@id":"http:\/\/avirondijonnais.com\/index.php\/2023\/04\/27\/randonnee-de-roanne\/#breadcrumb"},"inLanguage":"fr-FR","potentialAction":[{"@type":"ReadAction","target":["http:\/\/avirondijonnais.com\/index.php\/2023\/04\/27\/randonnee-de-roanne\/"]}]},{"@type":"ImageObject","inLanguage":"fr-FR","@id":"http:\/\/avirondijonnais.com\/index.php\/2023\/04\/27\/randonnee-de-roanne\/#primaryimage","url":"http:\/\/avirondijonnais.com\/wp-content\/uploads\/2023\/05\/rando_villerest_02.jpg","contentUrl":"http:\/\/avirondijonnais.com\/wp-content\/uploads\/2023\/05\/rando_villerest_02.jpg","width":1080,"height":688},{"@type":"BreadcrumbList","@id":"http:\/\/avirondijonnais.com\/index.php\/2023\/04\/27\/randonnee-de-roanne\/#breadcrumb","itemListElement":[{"@type":"ListItem","position":1,"name":"Accueil","item":"https:\/\/avirondijonnais.com\/"},{"@type":"ListItem","position":2,"name":"Randonn\u00e9e de Roanne"}]},{"@type":"WebSite","@id":"http:\/\/avirondijonnais.com\/#website","url":"http:\/\/avirondijonnais.com\/","name":"Aviron Dijonnais","description":"L&#039;aviron loisirs, pour les jeunes, pour tous \u00e0 Dijon sur le lac kir \u00e0 la base nautique","potentialAction":[{"@type":"SearchAction","target":{"@type":"EntryPoint","urlTemplate":"http:\/\/avirondijonnais.com\/?s={search_term_string}"},"query-input":{"@type":"PropertyValueSpecification","valueRequired":true,"valueName":"search_term_string"}}],"inLanguage":"fr-FR"},{"@type":"Person","@id":"http:\/\/avirondijonnais.com\/#\/schema\/person\/d0fe4ec1a371a0daf8553ff349ecd8af","name":"Olivier","image":{"@type":"ImageObject","inLanguage":"fr-FR","@id":"http:\/\/avirondijonnais.com\/#\/schema\/person\/image\/","url":"https:\/\/secure.gravatar.com\/avatar\/27aada894a71d218086094930177a87a517af62dff08b92d2095199c58ab740b?s=96&d=mm&r=g","contentUrl":"https:\/\/secure.gravatar.com\/avatar\/27aada894a71d218086094930177a87a517af62dff08b92d2095199c58ab740b?s=96&d=mm&r=g","caption":"Olivier"},"url":"http:\/\/avirondijonnais.com\/index.php\/author\/admin9698\/"}]}},"_links":{"self":[{"href":"http:\/\/avirondijonnais.com\/index.php\/wp-json\/wp\/v2\/posts\/17652","targetHints":{"allow":["GET"]}}],"collection":[{"href":"http:\/\/avirondijonnais.com\/index.php\/wp-json\/wp\/v2\/posts"}],"about":[{"href":"http:\/\/avirondijonnais.com\/index.php\/wp-json\/wp\/v2\/types\/post"}],"author":[{"embeddable":true,"href":"http:\/\/avirondijonnais.com\/index.php\/wp-json\/wp\/v2\/users\/1"}],"replies":[{"embeddable":true,"href":"http:\/\/avirondijonnais.com\/index.php\/wp-json\/wp\/v2\/comments?post=17652"}],"version-history":[{"count":3,"href":"http:\/\/avirondijonnais.com\/index.php\/wp-json\/wp\/v2\/posts\/17652\/revisions"}],"predecessor-version":[{"id":17658,"href":"http:\/\/avirondijonnais.com\/index.php\/wp-json\/wp\/v2\/posts\/17652\/revisions\/17658"}],"wp:featuredmedia":[{"embeddable":true,"href":"http:\/\/avirondijonnais.com\/index.php\/wp-json\/wp\/v2\/media\/17654"}],"wp:attachment":[{"href":"http:\/\/avirondijonnais.com\/index.php\/wp-json\/wp\/v2\/media?parent=17652"}],"wp:term":[{"taxonomy":"category","embeddable":true,"href":"http:\/\/avirondijonnais.com\/index.php\/wp-json\/wp\/v2\/categories?post=17652"},{"taxonomy":"post_tag","embeddable":true,"href":"http:\/\/avirondijonnais.com\/index.php\/wp-json\/wp\/v2\/tags?post=17652"}],"curies":[{"name":"wp","href":"https:\/\/api.w.org\/{rel}","templated":true}]}}