{"id":17803,"date":"2023-08-24T10:54:19","date_gmt":"2023-08-24T08:54:19","guid":{"rendered":"https:\/\/avirondijonnais.com\/?p=17803"},"modified":"2023-08-24T11:05:00","modified_gmt":"2023-08-24T09:05:00","slug":"grand-dej-2023","status":"publish","type":"post","link":"http:\/\/avirondijonnais.com\/index.php\/2023\/08\/24\/grand-dej-2023\/","title":{"rendered":"Grand d\u00e9j 2023"},"content":{"rendered":"<div class=\"wpb-content-wrapper\"><p>[vc_row][vc_column]<div class=\"dt-fancy-separator h1-size\" style=\"width: 80%;\"><div class=\"dt-fancy-title\" style=\"color: #0552d2;\"><span class=\"separator-holder separator-left\"><\/span>Grand D\u00e9j<span class=\"separator-holder separator-right\"><\/span><\/div><\/div>[vc_separator color=\u00a0\u00bbwhite\u00a0\u00bb border_width=\u00a0\u00bb6&Prime; el_width=\u00a0\u00bb70&Prime;][vc_separator style=\u00a0\u00bbshadow\u00a0\u00bb border_width=\u00a0\u00bb7&Prime; el_width=\u00a0\u00bb70&Prime;][\/vc_column][\/vc_row][vc_row][vc_column][vc_column_text]Besoin d&rsquo;air frais, de faire du sport en pleine nature aux portes de Dijon ?<br \/>\nVenez nous retrouver et d\u00e9couvrir l&rsquo;aviron lors de l&rsquo;\u00e9dition 2023 du <a href=\"http:\/\/www.legranddej.org\/\" target=\"_blank\" rel=\"noopener\">Grand D\u00e9j des Associations<\/a>\u00a0le <strong>dimanche 10 septembre de 10h \u00e0 18h<\/strong>.<br \/>\nVous pourrez vous essayer \u00e0 l&rsquo;aviron indoor, accessible \u00e0 toutes et tous, grands et plus petits.<\/p>\n<p><strong>Comme l&rsquo;ann\u00e9e derni\u00e8re, cette \u00e9dition se d\u00e9roulera au <a href=\"http:\/\/www.legranddej.org\/contact\/\" target=\"_blank\" rel=\"noopener\">parc de la Toison d&rsquo;Or<\/a>.<\/strong><\/p>\n<p>&nbsp;<\/p>\n<p><img loading=\"lazy\" decoding=\"async\" class=\"aligncenter wp-image-17068 size-large\" src=\"http:\/\/avirondijonnais.com\/wp-content\/uploads\/2021\/11\/DSC_0141-1024x678.jpg\" alt=\"\" width=\"1024\" height=\"678\" srcset=\"http:\/\/avirondijonnais.com\/wp-content\/uploads\/2021\/11\/DSC_0141-1024x678.jpg 1024w, http:\/\/avirondijonnais.com\/wp-content\/uploads\/2021\/11\/DSC_0141-300x199.jpg 300w, http:\/\/avirondijonnais.com\/wp-content\/uploads\/2021\/11\/DSC_0141-768x509.jpg 768w, http:\/\/avirondijonnais.com\/wp-content\/uploads\/2021\/11\/DSC_0141.jpg 1280w\" sizes=\"auto, (max-width: 1024px) 100vw, 1024px\" \/>[\/vc_column_text][\/vc_column][\/vc_row][vc_row][vc_column][\/vc_column][\/vc_row]<\/p>\n<\/div>","protected":false},"excerpt":{"rendered":"<p>[vc_row][vc_column][vc_separator color=\u00a0\u00bbwhite\u00a0\u00bb border_width=\u00a0\u00bb6&Prime; el_width=\u00a0\u00bb70&Prime;][vc_separator style=\u00a0\u00bbshadow\u00a0\u00bb border_width=\u00a0\u00bb7&Prime; el_width=\u00a0\u00bb70&Prime;][\/vc_column][\/vc_row][vc_row][vc_column][vc_column_text]Besoin d&rsquo;air frais, de faire du sport en pleine nature aux portes de Dijon ? Venez nous retrouver et d\u00e9couvrir l&rsquo;aviron lors de l&rsquo;\u00e9dition 2023 du Grand D\u00e9j des Associations\u00a0le dimanche 10 septembre de 10h \u00e0 18h. Vous pourrez vous essayer \u00e0 l&rsquo;aviron indoor, accessible \u00e0 toutes et tous,&hellip;<\/p>\n","protected":false},"author":1,"featured_media":17804,"comment_status":"closed","ping_status":"open","sticky":false,"template":"","format":"standard","meta":{"footnotes":""},"categories":[34,59],"tags":[],"class_list":["post-17803","post","type-post","status-publish","format-standard","has-post-thumbnail","hentry","category-laviron","category-loisirs","category-34","category-59","description-off"],"yoast_head":"<!-- This site is optimized with the Yoast SEO plugin v26.9 - https:\/\/yoast.com\/product\/yoast-seo-wordpress\/ -->\n<title>Grand d\u00e9j 2023 - Aviron Dijonnais<\/title>\n<meta name=\"robots\" content=\"index, follow, max-snippet:-1, max-image-preview:large, max-video-preview:-1\" \/>\n<link rel=\"canonical\" href=\"http:\/\/avirondijonnais.com\/index.php\/2023\/08\/24\/grand-dej-2023\/\" \/>\n<meta property=\"og:locale\" content=\"fr_FR\" \/>\n<meta property=\"og:type\" content=\"article\" \/>\n<meta property=\"og:title\" content=\"Grand d\u00e9j 2023 - Aviron Dijonnais\" \/>\n<meta property=\"og:description\" content=\"[vc_row][vc_column][vc_separator color=\u00a0\u00bbwhite\u00a0\u00bb border_width=\u00a0\u00bb6&Prime; el_width=\u00a0\u00bb70&Prime;][vc_separator style=\u00a0\u00bbshadow\u00a0\u00bb border_width=\u00a0\u00bb7&Prime; el_width=\u00a0\u00bb70&Prime;][\/vc_column][\/vc_row][vc_row][vc_column][vc_column_text]Besoin d&rsquo;air frais, de faire du sport en pleine nature aux portes de Dijon ? Venez nous retrouver et d\u00e9couvrir l&rsquo;aviron lors de l&rsquo;\u00e9dition 2023 du Grand D\u00e9j des Associations\u00a0le dimanche 10 septembre de 10h \u00e0 18h. Vous pourrez vous essayer \u00e0 l&rsquo;aviron indoor, accessible \u00e0 toutes et tous,&hellip;\" \/>\n<meta property=\"og:url\" content=\"http:\/\/avirondijonnais.com\/index.php\/2023\/08\/24\/grand-dej-2023\/\" \/>\n<meta property=\"og:site_name\" content=\"Aviron Dijonnais\" \/>\n<meta property=\"article:published_time\" content=\"2023-08-24T08:54:19+00:00\" \/>\n<meta property=\"article:modified_time\" content=\"2023-08-24T09:05:00+00:00\" \/>\n<meta property=\"og:image\" content=\"http:\/\/avirondijonnais.com\/wp-content\/uploads\/2023\/08\/grand_dej_2023.jpg\" \/>\n\t<meta property=\"og:image:width\" content=\"1080\" \/>\n\t<meta property=\"og:image:height\" content=\"608\" \/>\n\t<meta property=\"og:image:type\" content=\"image\/jpeg\" \/>\n<meta name=\"author\" content=\"Olivier\" \/>\n<meta name=\"twitter:card\" content=\"summary_large_image\" \/>\n<meta name=\"twitter:label1\" content=\"\u00c9crit par\" \/>\n\t<meta name=\"twitter:data1\" content=\"Olivier\" \/>\n\t<meta name=\"twitter:label2\" content=\"Dur\u00e9e de lecture estim\u00e9e\" \/>\n\t<meta name=\"twitter:data2\" content=\"1 minute\" \/>\n<script type=\"application\/ld+json\" class=\"yoast-schema-graph\">{\"@context\":\"https:\/\/schema.org\",\"@graph\":[{\"@type\":\"Article\",\"@id\":\"http:\/\/avirondijonnais.com\/index.php\/2023\/08\/24\/grand-dej-2023\/#article\",\"isPartOf\":{\"@id\":\"http:\/\/avirondijonnais.com\/index.php\/2023\/08\/24\/grand-dej-2023\/\"},\"author\":{\"name\":\"Olivier\",\"@id\":\"http:\/\/avirondijonnais.com\/#\/schema\/person\/d0fe4ec1a371a0daf8553ff349ecd8af\"},\"headline\":\"Grand d\u00e9j 2023\",\"datePublished\":\"2023-08-24T08:54:19+00:00\",\"dateModified\":\"2023-08-24T09:05:00+00:00\",\"mainEntityOfPage\":{\"@id\":\"http:\/\/avirondijonnais.com\/index.php\/2023\/08\/24\/grand-dej-2023\/\"},\"wordCount\":141,\"image\":{\"@id\":\"http:\/\/avirondijonnais.com\/index.php\/2023\/08\/24\/grand-dej-2023\/#primaryimage\"},\"thumbnailUrl\":\"http:\/\/avirondijonnais.com\/wp-content\/uploads\/2023\/08\/grand_dej_2023.jpg\",\"articleSection\":[\"La vie du club\",\"Loisirs\"],\"inLanguage\":\"fr-FR\"},{\"@type\":\"WebPage\",\"@id\":\"http:\/\/avirondijonnais.com\/index.php\/2023\/08\/24\/grand-dej-2023\/\",\"url\":\"http:\/\/avirondijonnais.com\/index.php\/2023\/08\/24\/grand-dej-2023\/\",\"name\":\"Grand d\u00e9j 2023 - Aviron Dijonnais\",\"isPartOf\":{\"@id\":\"http:\/\/avirondijonnais.com\/#website\"},\"primaryImageOfPage\":{\"@id\":\"http:\/\/avirondijonnais.com\/index.php\/2023\/08\/24\/grand-dej-2023\/#primaryimage\"},\"image\":{\"@id\":\"http:\/\/avirondijonnais.com\/index.php\/2023\/08\/24\/grand-dej-2023\/#primaryimage\"},\"thumbnailUrl\":\"http:\/\/avirondijonnais.com\/wp-content\/uploads\/2023\/08\/grand_dej_2023.jpg\",\"datePublished\":\"2023-08-24T08:54:19+00:00\",\"dateModified\":\"2023-08-24T09:05:00+00:00\",\"author\":{\"@id\":\"http:\/\/avirondijonnais.com\/#\/schema\/person\/d0fe4ec1a371a0daf8553ff349ecd8af\"},\"breadcrumb\":{\"@id\":\"http:\/\/avirondijonnais.com\/index.php\/2023\/08\/24\/grand-dej-2023\/#breadcrumb\"},\"inLanguage\":\"fr-FR\",\"potentialAction\":[{\"@type\":\"ReadAction\",\"target\":[\"http:\/\/avirondijonnais.com\/index.php\/2023\/08\/24\/grand-dej-2023\/\"]}]},{\"@type\":\"ImageObject\",\"inLanguage\":\"fr-FR\",\"@id\":\"http:\/\/avirondijonnais.com\/index.php\/2023\/08\/24\/grand-dej-2023\/#primaryimage\",\"url\":\"http:\/\/avirondijonnais.com\/wp-content\/uploads\/2023\/08\/grand_dej_2023.jpg\",\"contentUrl\":\"http:\/\/avirondijonnais.com\/wp-content\/uploads\/2023\/08\/grand_dej_2023.jpg\",\"width\":1080,\"height\":608},{\"@type\":\"BreadcrumbList\",\"@id\":\"http:\/\/avirondijonnais.com\/index.php\/2023\/08\/24\/grand-dej-2023\/#breadcrumb\",\"itemListElement\":[{\"@type\":\"ListItem\",\"position\":1,\"name\":\"Accueil\",\"item\":\"https:\/\/avirondijonnais.com\/\"},{\"@type\":\"ListItem\",\"position\":2,\"name\":\"Grand d\u00e9j 2023\"}]},{\"@type\":\"WebSite\",\"@id\":\"http:\/\/avirondijonnais.com\/#website\",\"url\":\"http:\/\/avirondijonnais.com\/\",\"name\":\"Aviron Dijonnais\",\"description\":\"L&#039;aviron loisirs, pour les jeunes, pour tous \u00e0 Dijon sur le lac kir \u00e0 la base nautique\",\"potentialAction\":[{\"@type\":\"SearchAction\",\"target\":{\"@type\":\"EntryPoint\",\"urlTemplate\":\"http:\/\/avirondijonnais.com\/?s={search_term_string}\"},\"query-input\":{\"@type\":\"PropertyValueSpecification\",\"valueRequired\":true,\"valueName\":\"search_term_string\"}}],\"inLanguage\":\"fr-FR\"},{\"@type\":\"Person\",\"@id\":\"http:\/\/avirondijonnais.com\/#\/schema\/person\/d0fe4ec1a371a0daf8553ff349ecd8af\",\"name\":\"Olivier\",\"image\":{\"@type\":\"ImageObject\",\"inLanguage\":\"fr-FR\",\"@id\":\"http:\/\/avirondijonnais.com\/#\/schema\/person\/image\/\",\"url\":\"https:\/\/secure.gravatar.com\/avatar\/27aada894a71d218086094930177a87a517af62dff08b92d2095199c58ab740b?s=96&d=mm&r=g\",\"contentUrl\":\"https:\/\/secure.gravatar.com\/avatar\/27aada894a71d218086094930177a87a517af62dff08b92d2095199c58ab740b?s=96&d=mm&r=g\",\"caption\":\"Olivier\"},\"url\":\"http:\/\/avirondijonnais.com\/index.php\/author\/admin9698\/\"}]}<\/script>\n<!-- \/ Yoast SEO plugin. -->","yoast_head_json":{"title":"Grand d\u00e9j 2023 - Aviron Dijonnais","robots":{"index":"index","follow":"follow","max-snippet":"max-snippet:-1","max-image-preview":"max-image-preview:large","max-video-preview":"max-video-preview:-1"},"canonical":"http:\/\/avirondijonnais.com\/index.php\/2023\/08\/24\/grand-dej-2023\/","og_locale":"fr_FR","og_type":"article","og_title":"Grand d\u00e9j 2023 - Aviron Dijonnais","og_description":"[vc_row][vc_column][vc_separator color=\u00a0\u00bbwhite\u00a0\u00bb border_width=\u00a0\u00bb6&Prime; el_width=\u00a0\u00bb70&Prime;][vc_separator style=\u00a0\u00bbshadow\u00a0\u00bb border_width=\u00a0\u00bb7&Prime; el_width=\u00a0\u00bb70&Prime;][\/vc_column][\/vc_row][vc_row][vc_column][vc_column_text]Besoin d&rsquo;air frais, de faire du sport en pleine nature aux portes de Dijon ? Venez nous retrouver et d\u00e9couvrir l&rsquo;aviron lors de l&rsquo;\u00e9dition 2023 du Grand D\u00e9j des Associations\u00a0le dimanche 10 septembre de 10h \u00e0 18h. Vous pourrez vous essayer \u00e0 l&rsquo;aviron indoor, accessible \u00e0 toutes et tous,&hellip;","og_url":"http:\/\/avirondijonnais.com\/index.php\/2023\/08\/24\/grand-dej-2023\/","og_site_name":"Aviron Dijonnais","article_published_time":"2023-08-24T08:54:19+00:00","article_modified_time":"2023-08-24T09:05:00+00:00","og_image":[{"width":1080,"height":608,"url":"http:\/\/avirondijonnais.com\/wp-content\/uploads\/2023\/08\/grand_dej_2023.jpg","type":"image\/jpeg"}],"author":"Olivier","twitter_card":"summary_large_image","twitter_misc":{"\u00c9crit par":"Olivier","Dur\u00e9e de lecture estim\u00e9e":"1 minute"},"schema":{"@context":"https:\/\/schema.org","@graph":[{"@type":"Article","@id":"http:\/\/avirondijonnais.com\/index.php\/2023\/08\/24\/grand-dej-2023\/#article","isPartOf":{"@id":"http:\/\/avirondijonnais.com\/index.php\/2023\/08\/24\/grand-dej-2023\/"},"author":{"name":"Olivier","@id":"http:\/\/avirondijonnais.com\/#\/schema\/person\/d0fe4ec1a371a0daf8553ff349ecd8af"},"headline":"Grand d\u00e9j 2023","datePublished":"2023-08-24T08:54:19+00:00","dateModified":"2023-08-24T09:05:00+00:00","mainEntityOfPage":{"@id":"http:\/\/avirondijonnais.com\/index.php\/2023\/08\/24\/grand-dej-2023\/"},"wordCount":141,"image":{"@id":"http:\/\/avirondijonnais.com\/index.php\/2023\/08\/24\/grand-dej-2023\/#primaryimage"},"thumbnailUrl":"http:\/\/avirondijonnais.com\/wp-content\/uploads\/2023\/08\/grand_dej_2023.jpg","articleSection":["La vie du club","Loisirs"],"inLanguage":"fr-FR"},{"@type":"WebPage","@id":"http:\/\/avirondijonnais.com\/index.php\/2023\/08\/24\/grand-dej-2023\/","url":"http:\/\/avirondijonnais.com\/index.php\/2023\/08\/24\/grand-dej-2023\/","name":"Grand d\u00e9j 2023 - Aviron Dijonnais","isPartOf":{"@id":"http:\/\/avirondijonnais.com\/#website"},"primaryImageOfPage":{"@id":"http:\/\/avirondijonnais.com\/index.php\/2023\/08\/24\/grand-dej-2023\/#primaryimage"},"image":{"@id":"http:\/\/avirondijonnais.com\/index.php\/2023\/08\/24\/grand-dej-2023\/#primaryimage"},"thumbnailUrl":"http:\/\/avirondijonnais.com\/wp-content\/uploads\/2023\/08\/grand_dej_2023.jpg","datePublished":"2023-08-24T08:54:19+00:00","dateModified":"2023-08-24T09:05:00+00:00","author":{"@id":"http:\/\/avirondijonnais.com\/#\/schema\/person\/d0fe4ec1a371a0daf8553ff349ecd8af"},"breadcrumb":{"@id":"http:\/\/avirondijonnais.com\/index.php\/2023\/08\/24\/grand-dej-2023\/#breadcrumb"},"inLanguage":"fr-FR","potentialAction":[{"@type":"ReadAction","target":["http:\/\/avirondijonnais.com\/index.php\/2023\/08\/24\/grand-dej-2023\/"]}]},{"@type":"ImageObject","inLanguage":"fr-FR","@id":"http:\/\/avirondijonnais.com\/index.php\/2023\/08\/24\/grand-dej-2023\/#primaryimage","url":"http:\/\/avirondijonnais.com\/wp-content\/uploads\/2023\/08\/grand_dej_2023.jpg","contentUrl":"http:\/\/avirondijonnais.com\/wp-content\/uploads\/2023\/08\/grand_dej_2023.jpg","width":1080,"height":608},{"@type":"BreadcrumbList","@id":"http:\/\/avirondijonnais.com\/index.php\/2023\/08\/24\/grand-dej-2023\/#breadcrumb","itemListElement":[{"@type":"ListItem","position":1,"name":"Accueil","item":"https:\/\/avirondijonnais.com\/"},{"@type":"ListItem","position":2,"name":"Grand d\u00e9j 2023"}]},{"@type":"WebSite","@id":"http:\/\/avirondijonnais.com\/#website","url":"http:\/\/avirondijonnais.com\/","name":"Aviron Dijonnais","description":"L&#039;aviron loisirs, pour les jeunes, pour tous \u00e0 Dijon sur le lac kir \u00e0 la base nautique","potentialAction":[{"@type":"SearchAction","target":{"@type":"EntryPoint","urlTemplate":"http:\/\/avirondijonnais.com\/?s={search_term_string}"},"query-input":{"@type":"PropertyValueSpecification","valueRequired":true,"valueName":"search_term_string"}}],"inLanguage":"fr-FR"},{"@type":"Person","@id":"http:\/\/avirondijonnais.com\/#\/schema\/person\/d0fe4ec1a371a0daf8553ff349ecd8af","name":"Olivier","image":{"@type":"ImageObject","inLanguage":"fr-FR","@id":"http:\/\/avirondijonnais.com\/#\/schema\/person\/image\/","url":"https:\/\/secure.gravatar.com\/avatar\/27aada894a71d218086094930177a87a517af62dff08b92d2095199c58ab740b?s=96&d=mm&r=g","contentUrl":"https:\/\/secure.gravatar.com\/avatar\/27aada894a71d218086094930177a87a517af62dff08b92d2095199c58ab740b?s=96&d=mm&r=g","caption":"Olivier"},"url":"http:\/\/avirondijonnais.com\/index.php\/author\/admin9698\/"}]}},"_links":{"self":[{"href":"http:\/\/avirondijonnais.com\/index.php\/wp-json\/wp\/v2\/posts\/17803","targetHints":{"allow":["GET"]}}],"collection":[{"href":"http:\/\/avirondijonnais.com\/index.php\/wp-json\/wp\/v2\/posts"}],"about":[{"href":"http:\/\/avirondijonnais.com\/index.php\/wp-json\/wp\/v2\/types\/post"}],"author":[{"embeddable":true,"href":"http:\/\/avirondijonnais.com\/index.php\/wp-json\/wp\/v2\/users\/1"}],"replies":[{"embeddable":true,"href":"http:\/\/avirondijonnais.com\/index.php\/wp-json\/wp\/v2\/comments?post=17803"}],"version-history":[{"count":3,"href":"http:\/\/avirondijonnais.com\/index.php\/wp-json\/wp\/v2\/posts\/17803\/revisions"}],"predecessor-version":[{"id":17808,"href":"http:\/\/avirondijonnais.com\/index.php\/wp-json\/wp\/v2\/posts\/17803\/revisions\/17808"}],"wp:featuredmedia":[{"embeddable":true,"href":"http:\/\/avirondijonnais.com\/index.php\/wp-json\/wp\/v2\/media\/17804"}],"wp:attachment":[{"href":"http:\/\/avirondijonnais.com\/index.php\/wp-json\/wp\/v2\/media?parent=17803"}],"wp:term":[{"taxonomy":"category","embeddable":true,"href":"http:\/\/avirondijonnais.com\/index.php\/wp-json\/wp\/v2\/categories?post=17803"},{"taxonomy":"post_tag","embeddable":true,"href":"http:\/\/avirondijonnais.com\/index.php\/wp-json\/wp\/v2\/tags?post=17803"}],"curies":[{"name":"wp","href":"https:\/\/api.w.org\/{rel}","templated":true}]}}