{"id":17939,"date":"2024-01-15T16:14:30","date_gmt":"2024-01-15T15:14:30","guid":{"rendered":"http:\/\/avirondijonnais.com\/?p=17939"},"modified":"2024-02-11T16:33:35","modified_gmt":"2024-02-11T15:33:35","slug":"championnat-bfc-indoor","status":"publish","type":"post","link":"http:\/\/avirondijonnais.com\/index.php\/2024\/01\/15\/championnat-bfc-indoor\/","title":{"rendered":"Championnat BFC Aviron Indoor"},"content":{"rendered":"<div class=\"wpb-content-wrapper\"><p>[vc_row][vc_column]<div class=\"dt-fancy-separator h1-size\" style=\"width: 80%;\"><div class=\"dt-fancy-title\" style=\"color: #0552d2;\"><span class=\"separator-holder separator-left\"><\/span>Test ergo au Creusot<span class=\"separator-holder separator-right\"><\/span><\/div><\/div>[vc_separator color=\u00a0\u00bbwhite\u00a0\u00bb border_width=\u00a0\u00bb6&Prime; el_width=\u00a0\u00bb70&Prime;][vc_separator style=\u00a0\u00bbshadow\u00a0\u00bb border_width=\u00a0\u00bb7&Prime; el_width=\u00a0\u00bb70&Prime;][\/vc_column][\/vc_row][vc_row][vc_column][vc_column_text]<img loading=\"lazy\" decoding=\"async\" class=\"alignright wp-image-17942\" src=\"http:\/\/avirondijonnais.com\/wp-content\/uploads\/2024\/02\/Championnat-Indoor-BFC-2023-724x1024.jpg\" alt=\"\" width=\"550\" height=\"778\" srcset=\"http:\/\/avirondijonnais.com\/wp-content\/uploads\/2024\/02\/Championnat-Indoor-BFC-2023-724x1024.jpg 724w, http:\/\/avirondijonnais.com\/wp-content\/uploads\/2024\/02\/Championnat-Indoor-BFC-2023-212x300.jpg 212w, http:\/\/avirondijonnais.com\/wp-content\/uploads\/2024\/02\/Championnat-Indoor-BFC-2023-768x1086.jpg 768w, http:\/\/avirondijonnais.com\/wp-content\/uploads\/2024\/02\/Championnat-Indoor-BFC-2023.jpg 1086w\" sizes=\"auto, (max-width: 550px) 100vw, 550px\" \/>Apr\u00e8s la r\u00e9gate de D\u00f4le du 22\/10\/2023, nos comp\u00e9titeurs se sont align\u00e9s sur deux autres rendez-vous : la t\u00eate de rivi\u00e8re de M\u00e2con du 11\/11\/2023 (annul\u00e9e pour cause de crues et courue en interne au lac Kir du club dijonnais) et les championnats Bourgogne-Franche-Comt\u00e9 indoor (test ergo du Creusot) le 02\/12\/2023.<\/p>\n<p>Nous f\u00e9licitons nos rameurs pour leur engagement et leurs r\u00e9sultats. Notamment lors des championnats indoor de Bourgogne-Franche-Comt\u00e9 au Creusot, durant lesquels le club a \u00e9t\u00e9 appel\u00e9 sur le podium syst\u00e9matiquement !<\/p>\n<p><img loading=\"lazy\" decoding=\"async\" class=\"alignleft wp-image-17944\" src=\"http:\/\/avirondijonnais.com\/wp-content\/uploads\/2024\/01\/IMG_20240114_114512.jpg\" alt=\"\" width=\"400\" height=\"299\" srcset=\"http:\/\/avirondijonnais.com\/wp-content\/uploads\/2024\/01\/IMG_20240114_114512.jpg 658w, http:\/\/avirondijonnais.com\/wp-content\/uploads\/2024\/01\/IMG_20240114_114512-300x224.jpg 300w\" sizes=\"auto, (max-width: 400px) 100vw, 400px\" \/><\/p>\n<p>&nbsp;<\/p>\n<p>&nbsp;<\/p>\n<p>&nbsp;<\/p>\n<p>&nbsp;<\/p>\n<p>&nbsp;<\/p>\n<p>&nbsp;<\/p>\n<p>&nbsp;<\/p>\n<p>&nbsp;<\/p>\n<p>&nbsp;<\/p>\n<p>&nbsp;<\/p>\n<p><a href=\"http:\/\/avirondijonnais.com\/wp-content\/uploads\/2024\/01\/resultats-test-ergo-CREUSOT-decembre-2023.pdf\" target=\"_blank\" rel=\"noopener\">Voir tous les r\u00e9sultats<\/a>.[\/vc_column_text][\/vc_column][\/vc_row][vc_row][vc_column width=\u00a0\u00bb1\/2&Prime;][vc_single_image image=\u00a0\u00bb17947&Prime; img_size=\u00a0\u00bblarge\u00a0\u00bb][\/vc_column][vc_column width=\u00a0\u00bb1\/2&Prime;][vc_single_image image=\u00a0\u00bb17948&Prime; img_size=\u00a0\u00bblarge\u00a0\u00bb][\/vc_column][\/vc_row][vc_row][vc_column][vc_single_image image=\u00a0\u00bb17949&Prime; img_size=\u00a0\u00bblarge\u00a0\u00bb][\/vc_column][\/vc_row]<\/p>\n<\/div>","protected":false},"excerpt":{"rendered":"<p>[vc_row][vc_column][vc_separator color=\u00a0\u00bbwhite\u00a0\u00bb border_width=\u00a0\u00bb6&Prime; el_width=\u00a0\u00bb70&Prime;][vc_separator style=\u00a0\u00bbshadow\u00a0\u00bb border_width=\u00a0\u00bb7&Prime; el_width=\u00a0\u00bb70&Prime;][\/vc_column][\/vc_row][vc_row][vc_column][vc_column_text]Apr\u00e8s la r\u00e9gate de D\u00f4le du 22\/10\/2023, nos comp\u00e9titeurs se sont align\u00e9s sur deux autres rendez-vous : la t\u00eate de rivi\u00e8re de M\u00e2con du 11\/11\/2023 (annul\u00e9e pour cause de crues et courue en interne au lac Kir du club dijonnais) et les championnats Bourgogne-Franche-Comt\u00e9 indoor (test ergo du Creusot)&hellip;<\/p>\n","protected":false},"author":1,"featured_media":17942,"comment_status":"closed","ping_status":"open","sticky":false,"template":"","format":"standard","meta":{"footnotes":""},"categories":[68],"tags":[],"class_list":["post-17939","post","type-post","status-publish","format-standard","has-post-thumbnail","hentry","category-competition","category-68","description-off"],"yoast_head":"<!-- This site is optimized with the Yoast SEO plugin v26.9 - https:\/\/yoast.com\/product\/yoast-seo-wordpress\/ -->\n<title>Championnat BFC Aviron Indoor - Aviron Dijonnais<\/title>\n<meta name=\"robots\" content=\"index, follow, max-snippet:-1, max-image-preview:large, max-video-preview:-1\" \/>\n<link rel=\"canonical\" href=\"http:\/\/avirondijonnais.com\/index.php\/2024\/01\/15\/championnat-bfc-indoor\/\" \/>\n<meta property=\"og:locale\" content=\"fr_FR\" \/>\n<meta property=\"og:type\" content=\"article\" \/>\n<meta property=\"og:title\" content=\"Championnat BFC Aviron Indoor - Aviron Dijonnais\" \/>\n<meta property=\"og:description\" content=\"[vc_row][vc_column][vc_separator color=\u00a0\u00bbwhite\u00a0\u00bb border_width=\u00a0\u00bb6&Prime; el_width=\u00a0\u00bb70&Prime;][vc_separator style=\u00a0\u00bbshadow\u00a0\u00bb border_width=\u00a0\u00bb7&Prime; el_width=\u00a0\u00bb70&Prime;][\/vc_column][\/vc_row][vc_row][vc_column][vc_column_text]Apr\u00e8s la r\u00e9gate de D\u00f4le du 22\/10\/2023, nos comp\u00e9titeurs se sont align\u00e9s sur deux autres rendez-vous : la t\u00eate de rivi\u00e8re de M\u00e2con du 11\/11\/2023 (annul\u00e9e pour cause de crues et courue en interne au lac Kir du club dijonnais) et les championnats Bourgogne-Franche-Comt\u00e9 indoor (test ergo du Creusot)&hellip;\" \/>\n<meta property=\"og:url\" content=\"http:\/\/avirondijonnais.com\/index.php\/2024\/01\/15\/championnat-bfc-indoor\/\" \/>\n<meta property=\"og:site_name\" content=\"Aviron Dijonnais\" \/>\n<meta property=\"article:published_time\" content=\"2024-01-15T15:14:30+00:00\" \/>\n<meta property=\"article:modified_time\" content=\"2024-02-11T15:33:35+00:00\" \/>\n<meta property=\"og:image\" content=\"http:\/\/avirondijonnais.com\/wp-content\/uploads\/2024\/02\/Championnat-Indoor-BFC-2023.jpg\" \/>\n\t<meta property=\"og:image:width\" content=\"1086\" \/>\n\t<meta property=\"og:image:height\" content=\"1536\" \/>\n\t<meta property=\"og:image:type\" content=\"image\/jpeg\" \/>\n<meta name=\"author\" content=\"Olivier\" \/>\n<meta name=\"twitter:card\" content=\"summary_large_image\" \/>\n<meta name=\"twitter:label1\" content=\"\u00c9crit par\" \/>\n\t<meta name=\"twitter:data1\" content=\"Olivier\" \/>\n\t<meta name=\"twitter:label2\" content=\"Dur\u00e9e de lecture estim\u00e9e\" \/>\n\t<meta name=\"twitter:data2\" content=\"1 minute\" \/>\n<script type=\"application\/ld+json\" class=\"yoast-schema-graph\">{\"@context\":\"https:\/\/schema.org\",\"@graph\":[{\"@type\":\"Article\",\"@id\":\"http:\/\/avirondijonnais.com\/index.php\/2024\/01\/15\/championnat-bfc-indoor\/#article\",\"isPartOf\":{\"@id\":\"http:\/\/avirondijonnais.com\/index.php\/2024\/01\/15\/championnat-bfc-indoor\/\"},\"author\":{\"name\":\"Olivier\",\"@id\":\"http:\/\/avirondijonnais.com\/#\/schema\/person\/d0fe4ec1a371a0daf8553ff349ecd8af\"},\"headline\":\"Championnat BFC Aviron Indoor\",\"datePublished\":\"2024-01-15T15:14:30+00:00\",\"dateModified\":\"2024-02-11T15:33:35+00:00\",\"mainEntityOfPage\":{\"@id\":\"http:\/\/avirondijonnais.com\/index.php\/2024\/01\/15\/championnat-bfc-indoor\/\"},\"wordCount\":209,\"image\":{\"@id\":\"http:\/\/avirondijonnais.com\/index.php\/2024\/01\/15\/championnat-bfc-indoor\/#primaryimage\"},\"thumbnailUrl\":\"http:\/\/avirondijonnais.com\/wp-content\/uploads\/2024\/02\/Championnat-Indoor-BFC-2023.jpg\",\"articleSection\":[\"Comp\u00e9tition\"],\"inLanguage\":\"fr-FR\"},{\"@type\":\"WebPage\",\"@id\":\"http:\/\/avirondijonnais.com\/index.php\/2024\/01\/15\/championnat-bfc-indoor\/\",\"url\":\"http:\/\/avirondijonnais.com\/index.php\/2024\/01\/15\/championnat-bfc-indoor\/\",\"name\":\"Championnat BFC Aviron Indoor - Aviron Dijonnais\",\"isPartOf\":{\"@id\":\"http:\/\/avirondijonnais.com\/#website\"},\"primaryImageOfPage\":{\"@id\":\"http:\/\/avirondijonnais.com\/index.php\/2024\/01\/15\/championnat-bfc-indoor\/#primaryimage\"},\"image\":{\"@id\":\"http:\/\/avirondijonnais.com\/index.php\/2024\/01\/15\/championnat-bfc-indoor\/#primaryimage\"},\"thumbnailUrl\":\"http:\/\/avirondijonnais.com\/wp-content\/uploads\/2024\/02\/Championnat-Indoor-BFC-2023.jpg\",\"datePublished\":\"2024-01-15T15:14:30+00:00\",\"dateModified\":\"2024-02-11T15:33:35+00:00\",\"author\":{\"@id\":\"http:\/\/avirondijonnais.com\/#\/schema\/person\/d0fe4ec1a371a0daf8553ff349ecd8af\"},\"breadcrumb\":{\"@id\":\"http:\/\/avirondijonnais.com\/index.php\/2024\/01\/15\/championnat-bfc-indoor\/#breadcrumb\"},\"inLanguage\":\"fr-FR\",\"potentialAction\":[{\"@type\":\"ReadAction\",\"target\":[\"http:\/\/avirondijonnais.com\/index.php\/2024\/01\/15\/championnat-bfc-indoor\/\"]}]},{\"@type\":\"ImageObject\",\"inLanguage\":\"fr-FR\",\"@id\":\"http:\/\/avirondijonnais.com\/index.php\/2024\/01\/15\/championnat-bfc-indoor\/#primaryimage\",\"url\":\"http:\/\/avirondijonnais.com\/wp-content\/uploads\/2024\/02\/Championnat-Indoor-BFC-2023.jpg\",\"contentUrl\":\"http:\/\/avirondijonnais.com\/wp-content\/uploads\/2024\/02\/Championnat-Indoor-BFC-2023.jpg\",\"width\":1086,\"height\":1536},{\"@type\":\"BreadcrumbList\",\"@id\":\"http:\/\/avirondijonnais.com\/index.php\/2024\/01\/15\/championnat-bfc-indoor\/#breadcrumb\",\"itemListElement\":[{\"@type\":\"ListItem\",\"position\":1,\"name\":\"Accueil\",\"item\":\"https:\/\/avirondijonnais.com\/\"},{\"@type\":\"ListItem\",\"position\":2,\"name\":\"Championnat BFC Aviron Indoor\"}]},{\"@type\":\"WebSite\",\"@id\":\"http:\/\/avirondijonnais.com\/#website\",\"url\":\"http:\/\/avirondijonnais.com\/\",\"name\":\"Aviron Dijonnais\",\"description\":\"L&#039;aviron loisirs, pour les jeunes, pour tous \u00e0 Dijon sur le lac kir \u00e0 la base nautique\",\"potentialAction\":[{\"@type\":\"SearchAction\",\"target\":{\"@type\":\"EntryPoint\",\"urlTemplate\":\"http:\/\/avirondijonnais.com\/?s={search_term_string}\"},\"query-input\":{\"@type\":\"PropertyValueSpecification\",\"valueRequired\":true,\"valueName\":\"search_term_string\"}}],\"inLanguage\":\"fr-FR\"},{\"@type\":\"Person\",\"@id\":\"http:\/\/avirondijonnais.com\/#\/schema\/person\/d0fe4ec1a371a0daf8553ff349ecd8af\",\"name\":\"Olivier\",\"image\":{\"@type\":\"ImageObject\",\"inLanguage\":\"fr-FR\",\"@id\":\"http:\/\/avirondijonnais.com\/#\/schema\/person\/image\/\",\"url\":\"https:\/\/secure.gravatar.com\/avatar\/27aada894a71d218086094930177a87a517af62dff08b92d2095199c58ab740b?s=96&d=mm&r=g\",\"contentUrl\":\"https:\/\/secure.gravatar.com\/avatar\/27aada894a71d218086094930177a87a517af62dff08b92d2095199c58ab740b?s=96&d=mm&r=g\",\"caption\":\"Olivier\"},\"url\":\"http:\/\/avirondijonnais.com\/index.php\/author\/admin9698\/\"}]}<\/script>\n<!-- \/ Yoast SEO plugin. -->","yoast_head_json":{"title":"Championnat BFC Aviron Indoor - Aviron Dijonnais","robots":{"index":"index","follow":"follow","max-snippet":"max-snippet:-1","max-image-preview":"max-image-preview:large","max-video-preview":"max-video-preview:-1"},"canonical":"http:\/\/avirondijonnais.com\/index.php\/2024\/01\/15\/championnat-bfc-indoor\/","og_locale":"fr_FR","og_type":"article","og_title":"Championnat BFC Aviron Indoor - Aviron Dijonnais","og_description":"[vc_row][vc_column][vc_separator color=\u00a0\u00bbwhite\u00a0\u00bb border_width=\u00a0\u00bb6&Prime; el_width=\u00a0\u00bb70&Prime;][vc_separator style=\u00a0\u00bbshadow\u00a0\u00bb border_width=\u00a0\u00bb7&Prime; el_width=\u00a0\u00bb70&Prime;][\/vc_column][\/vc_row][vc_row][vc_column][vc_column_text]Apr\u00e8s la r\u00e9gate de D\u00f4le du 22\/10\/2023, nos comp\u00e9titeurs se sont align\u00e9s sur deux autres rendez-vous : la t\u00eate de rivi\u00e8re de M\u00e2con du 11\/11\/2023 (annul\u00e9e pour cause de crues et courue en interne au lac Kir du club dijonnais) et les championnats Bourgogne-Franche-Comt\u00e9 indoor (test ergo du Creusot)&hellip;","og_url":"http:\/\/avirondijonnais.com\/index.php\/2024\/01\/15\/championnat-bfc-indoor\/","og_site_name":"Aviron Dijonnais","article_published_time":"2024-01-15T15:14:30+00:00","article_modified_time":"2024-02-11T15:33:35+00:00","og_image":[{"width":1086,"height":1536,"url":"http:\/\/avirondijonnais.com\/wp-content\/uploads\/2024\/02\/Championnat-Indoor-BFC-2023.jpg","type":"image\/jpeg"}],"author":"Olivier","twitter_card":"summary_large_image","twitter_misc":{"\u00c9crit par":"Olivier","Dur\u00e9e de lecture estim\u00e9e":"1 minute"},"schema":{"@context":"https:\/\/schema.org","@graph":[{"@type":"Article","@id":"http:\/\/avirondijonnais.com\/index.php\/2024\/01\/15\/championnat-bfc-indoor\/#article","isPartOf":{"@id":"http:\/\/avirondijonnais.com\/index.php\/2024\/01\/15\/championnat-bfc-indoor\/"},"author":{"name":"Olivier","@id":"http:\/\/avirondijonnais.com\/#\/schema\/person\/d0fe4ec1a371a0daf8553ff349ecd8af"},"headline":"Championnat BFC Aviron Indoor","datePublished":"2024-01-15T15:14:30+00:00","dateModified":"2024-02-11T15:33:35+00:00","mainEntityOfPage":{"@id":"http:\/\/avirondijonnais.com\/index.php\/2024\/01\/15\/championnat-bfc-indoor\/"},"wordCount":209,"image":{"@id":"http:\/\/avirondijonnais.com\/index.php\/2024\/01\/15\/championnat-bfc-indoor\/#primaryimage"},"thumbnailUrl":"http:\/\/avirondijonnais.com\/wp-content\/uploads\/2024\/02\/Championnat-Indoor-BFC-2023.jpg","articleSection":["Comp\u00e9tition"],"inLanguage":"fr-FR"},{"@type":"WebPage","@id":"http:\/\/avirondijonnais.com\/index.php\/2024\/01\/15\/championnat-bfc-indoor\/","url":"http:\/\/avirondijonnais.com\/index.php\/2024\/01\/15\/championnat-bfc-indoor\/","name":"Championnat BFC Aviron Indoor - Aviron Dijonnais","isPartOf":{"@id":"http:\/\/avirondijonnais.com\/#website"},"primaryImageOfPage":{"@id":"http:\/\/avirondijonnais.com\/index.php\/2024\/01\/15\/championnat-bfc-indoor\/#primaryimage"},"image":{"@id":"http:\/\/avirondijonnais.com\/index.php\/2024\/01\/15\/championnat-bfc-indoor\/#primaryimage"},"thumbnailUrl":"http:\/\/avirondijonnais.com\/wp-content\/uploads\/2024\/02\/Championnat-Indoor-BFC-2023.jpg","datePublished":"2024-01-15T15:14:30+00:00","dateModified":"2024-02-11T15:33:35+00:00","author":{"@id":"http:\/\/avirondijonnais.com\/#\/schema\/person\/d0fe4ec1a371a0daf8553ff349ecd8af"},"breadcrumb":{"@id":"http:\/\/avirondijonnais.com\/index.php\/2024\/01\/15\/championnat-bfc-indoor\/#breadcrumb"},"inLanguage":"fr-FR","potentialAction":[{"@type":"ReadAction","target":["http:\/\/avirondijonnais.com\/index.php\/2024\/01\/15\/championnat-bfc-indoor\/"]}]},{"@type":"ImageObject","inLanguage":"fr-FR","@id":"http:\/\/avirondijonnais.com\/index.php\/2024\/01\/15\/championnat-bfc-indoor\/#primaryimage","url":"http:\/\/avirondijonnais.com\/wp-content\/uploads\/2024\/02\/Championnat-Indoor-BFC-2023.jpg","contentUrl":"http:\/\/avirondijonnais.com\/wp-content\/uploads\/2024\/02\/Championnat-Indoor-BFC-2023.jpg","width":1086,"height":1536},{"@type":"BreadcrumbList","@id":"http:\/\/avirondijonnais.com\/index.php\/2024\/01\/15\/championnat-bfc-indoor\/#breadcrumb","itemListElement":[{"@type":"ListItem","position":1,"name":"Accueil","item":"https:\/\/avirondijonnais.com\/"},{"@type":"ListItem","position":2,"name":"Championnat BFC Aviron Indoor"}]},{"@type":"WebSite","@id":"http:\/\/avirondijonnais.com\/#website","url":"http:\/\/avirondijonnais.com\/","name":"Aviron Dijonnais","description":"L&#039;aviron loisirs, pour les jeunes, pour tous \u00e0 Dijon sur le lac kir \u00e0 la base nautique","potentialAction":[{"@type":"SearchAction","target":{"@type":"EntryPoint","urlTemplate":"http:\/\/avirondijonnais.com\/?s={search_term_string}"},"query-input":{"@type":"PropertyValueSpecification","valueRequired":true,"valueName":"search_term_string"}}],"inLanguage":"fr-FR"},{"@type":"Person","@id":"http:\/\/avirondijonnais.com\/#\/schema\/person\/d0fe4ec1a371a0daf8553ff349ecd8af","name":"Olivier","image":{"@type":"ImageObject","inLanguage":"fr-FR","@id":"http:\/\/avirondijonnais.com\/#\/schema\/person\/image\/","url":"https:\/\/secure.gravatar.com\/avatar\/27aada894a71d218086094930177a87a517af62dff08b92d2095199c58ab740b?s=96&d=mm&r=g","contentUrl":"https:\/\/secure.gravatar.com\/avatar\/27aada894a71d218086094930177a87a517af62dff08b92d2095199c58ab740b?s=96&d=mm&r=g","caption":"Olivier"},"url":"http:\/\/avirondijonnais.com\/index.php\/author\/admin9698\/"}]}},"_links":{"self":[{"href":"http:\/\/avirondijonnais.com\/index.php\/wp-json\/wp\/v2\/posts\/17939","targetHints":{"allow":["GET"]}}],"collection":[{"href":"http:\/\/avirondijonnais.com\/index.php\/wp-json\/wp\/v2\/posts"}],"about":[{"href":"http:\/\/avirondijonnais.com\/index.php\/wp-json\/wp\/v2\/types\/post"}],"author":[{"embeddable":true,"href":"http:\/\/avirondijonnais.com\/index.php\/wp-json\/wp\/v2\/users\/1"}],"replies":[{"embeddable":true,"href":"http:\/\/avirondijonnais.com\/index.php\/wp-json\/wp\/v2\/comments?post=17939"}],"version-history":[{"count":9,"href":"http:\/\/avirondijonnais.com\/index.php\/wp-json\/wp\/v2\/posts\/17939\/revisions"}],"predecessor-version":[{"id":17954,"href":"http:\/\/avirondijonnais.com\/index.php\/wp-json\/wp\/v2\/posts\/17939\/revisions\/17954"}],"wp:featuredmedia":[{"embeddable":true,"href":"http:\/\/avirondijonnais.com\/index.php\/wp-json\/wp\/v2\/media\/17942"}],"wp:attachment":[{"href":"http:\/\/avirondijonnais.com\/index.php\/wp-json\/wp\/v2\/media?parent=17939"}],"wp:term":[{"taxonomy":"category","embeddable":true,"href":"http:\/\/avirondijonnais.com\/index.php\/wp-json\/wp\/v2\/categories?post=17939"},{"taxonomy":"post_tag","embeddable":true,"href":"http:\/\/avirondijonnais.com\/index.php\/wp-json\/wp\/v2\/tags?post=17939"}],"curies":[{"name":"wp","href":"https:\/\/api.w.org\/{rel}","templated":true}]}}