{"id":18354,"date":"2026-08-30T21:06:37","date_gmt":"2026-08-30T19:06:37","guid":{"rendered":"https:\/\/avirondijonnais.com\/?p=18354"},"modified":"2026-08-30T21:18:34","modified_gmt":"2026-08-30T19:18:34","slug":"rentree-2026-2027","status":"publish","type":"post","link":"http:\/\/avirondijonnais.com\/index.php\/2026\/08\/30\/rentree-2026-2027\/","title":{"rendered":"Rentr\u00e9e 2026-2027"},"content":{"rendered":"<div class=\"wpb-content-wrapper\"><p>[vc_row][vc_column]<div class=\"dt-fancy-separator h1-size\" style=\"width: 80%;\"><div class=\"dt-fancy-title\" style=\"color: #0552d2;\"><span class=\"separator-holder separator-left\"><\/span>Saison sportive 2026-2027<span class=\"separator-holder separator-right\"><\/span><\/div><\/div>[vc_separator color=\u00a0\u00bbwhite\u00a0\u00bb border_width=\u00a0\u00bb6&Prime; el_width=\u00a0\u00bb70&Prime;][vc_separator style=\u00a0\u00bbshadow\u00a0\u00bb border_width=\u00a0\u00bb7&Prime; el_width=\u00a0\u00bb70&Prime;][\/vc_column][\/vc_row][vc_row][vc_column][vc_column_text css=\u00a0\u00bb\u00a0\u00bb]<\/p>\n<h1 dir=\"ltr\"><span style=\"color: #0000ff;\">Rentr\u00e9e de la saison 2026-2027 : rendez-vous le samedi 5 septembre !<\/span><\/h1>\n<p dir=\"ltr\">La saison sportive reprend le <strong>samedi 5 septembre<\/strong>, aux cr\u00e9neaux habituels pour tous nos licenci\u00e9s.<\/p>\n<p dir=\"ltr\">C&rsquo;est aussi l&rsquo;occasion id\u00e9ale de d\u00e9couvrir l&rsquo;aviron ! Sport complet, port\u00e9, praticable en plein air et accessible \u00e0 tous les \u00e2ges et tous les niveaux, l&rsquo;aviron se pratique dans un cadre privil\u00e9gi\u00e9, au bord du lac Kir. Pour toute personne souhaitant essayer, rendez-vous \u00e0 <strong>10h15 \u00e0 la base nautique<\/strong> pour une s\u00e9ance d&rsquo;initiation. Toutes les informations sont disponibles ici : <a href=\"https:\/\/avirondijonnais.com\/index.php\/essayer-aviron\/\">Essayer l&rsquo;aviron<\/a>.<\/p>\n<p dir=\"ltr\"><strong>Petite nouveaut\u00e9 cette ann\u00e9e<\/strong> : les inscriptions se font d\u00e9sormais via la plateforme HelloAsso. Retrouvez toutes les modalit\u00e9s et le formulaire sur notre page d\u00e9di\u00e9e : <a href=\"https:\/\/avirondijonnais.com\/index.php\/inscriptions\/\">Inscriptions<\/a>.<\/p>\n<p dir=\"ltr\">On vous attend nombreux pour cette nouvelle saison !<\/p>\n<p>[\/vc_column_text][\/vc_column][\/vc_row][vc_row][vc_column][\/vc_column][\/vc_row]<\/p>\n<\/div>","protected":false},"excerpt":{"rendered":"<p>[vc_row][vc_column][vc_separator color=\u00a0\u00bbwhite\u00a0\u00bb border_width=\u00a0\u00bb6&Prime; el_width=\u00a0\u00bb70&Prime;][vc_separator style=\u00a0\u00bbshadow\u00a0\u00bb border_width=\u00a0\u00bb7&Prime; el_width=\u00a0\u00bb70&Prime;][\/vc_column][\/vc_row][vc_row][vc_column][vc_column_text css=\u00a0\u00bb\u00a0\u00bb] Rentr\u00e9e de la saison 2026-2027 : rendez-vous le samedi 5 septembre ! La saison sportive reprend le samedi 5 septembre, aux cr\u00e9neaux habituels pour tous nos licenci\u00e9s. C&rsquo;est aussi l&rsquo;occasion id\u00e9ale de d\u00e9couvrir l&rsquo;aviron ! Sport complet, port\u00e9, praticable en plein air et accessible \u00e0 tous les&hellip;<\/p>\n","protected":false},"author":1,"featured_media":18361,"comment_status":"closed","ping_status":"open","sticky":false,"template":"","format":"standard","meta":{"footnotes":""},"categories":[60,68,58,34,59],"tags":[],"class_list":["post-18354","post","type-post","status-publish","format-standard","has-post-thumbnail","hentry","category-aviron-sante","category-competition","category-jeunes","category-laviron","category-loisirs","category-60","category-68","category-58","category-34","category-59","description-off"],"yoast_head":"<!-- This site is optimized with the Yoast SEO plugin v27.5 - https:\/\/yoast.com\/product\/yoast-seo-wordpress\/ -->\n<title>Rentr\u00e9e 2026-2027 - Aviron Dijonnais<\/title>\n<meta name=\"robots\" content=\"index, follow, max-snippet:-1, max-image-preview:large, max-video-preview:-1\" \/>\n<link rel=\"canonical\" href=\"https:\/\/avirondijonnais.com\/index.php\/2026\/08\/30\/rentree-2026-2027\/\" \/>\n<meta property=\"og:locale\" content=\"fr_FR\" \/>\n<meta property=\"og:type\" content=\"article\" \/>\n<meta property=\"og:title\" content=\"Rentr\u00e9e 2026-2027 - Aviron Dijonnais\" \/>\n<meta property=\"og:description\" content=\"[vc_row][vc_column][vc_separator color=\u00a0\u00bbwhite\u00a0\u00bb border_width=\u00a0\u00bb6&Prime; el_width=\u00a0\u00bb70&Prime;][vc_separator style=\u00a0\u00bbshadow\u00a0\u00bb border_width=\u00a0\u00bb7&Prime; el_width=\u00a0\u00bb70&Prime;][\/vc_column][\/vc_row][vc_row][vc_column][vc_column_text css=\u00a0\u00bb\u00a0\u00bb] Rentr\u00e9e de la saison 2026-2027 : rendez-vous le samedi 5 septembre ! La saison sportive reprend le samedi 5 septembre, aux cr\u00e9neaux habituels pour tous nos licenci\u00e9s. C&rsquo;est aussi l&rsquo;occasion id\u00e9ale de d\u00e9couvrir l&rsquo;aviron ! Sport complet, port\u00e9, praticable en plein air et accessible \u00e0 tous les&hellip;\" \/>\n<meta property=\"og:url\" content=\"https:\/\/avirondijonnais.com\/index.php\/2026\/08\/30\/rentree-2026-2027\/\" \/>\n<meta property=\"og:site_name\" content=\"Aviron Dijonnais\" \/>\n<meta property=\"article:published_time\" content=\"2026-08-30T19:06:37+00:00\" \/>\n<meta property=\"article:modified_time\" content=\"2026-08-30T19:18:34+00:00\" \/>\n<meta property=\"og:image\" content=\"https:\/\/avirondijonnais.com\/wp-content\/uploads\/2026\/08\/visuel_rentree_2026-2027_short.png\" \/>\n\t<meta property=\"og:image:width\" content=\"1200\" \/>\n\t<meta property=\"og:image:height\" content=\"540\" \/>\n\t<meta property=\"og:image:type\" content=\"image\/png\" \/>\n<meta name=\"author\" content=\"Olivier\" \/>\n<meta name=\"twitter:card\" content=\"summary_large_image\" \/>\n<meta name=\"twitter:label1\" content=\"\u00c9crit par\" \/>\n\t<meta name=\"twitter:data1\" content=\"Olivier\" \/>\n\t<meta name=\"twitter:label2\" content=\"Dur\u00e9e de lecture estim\u00e9e\" \/>\n\t<meta name=\"twitter:data2\" content=\"1 minute\" \/>\n<script type=\"application\/ld+json\" class=\"yoast-schema-graph\">{\"@context\":\"https:\\\/\\\/schema.org\",\"@graph\":[{\"@type\":\"Article\",\"@id\":\"https:\\\/\\\/avirondijonnais.com\\\/index.php\\\/2026\\\/08\\\/30\\\/rentree-2026-2027\\\/#article\",\"isPartOf\":{\"@id\":\"https:\\\/\\\/avirondijonnais.com\\\/index.php\\\/2026\\\/08\\\/30\\\/rentree-2026-2027\\\/\"},\"author\":{\"name\":\"Olivier\",\"@id\":\"https:\\\/\\\/avirondijonnais.com\\\/#\\\/schema\\\/person\\\/d0fe4ec1a371a0daf8553ff349ecd8af\"},\"headline\":\"Rentr\u00e9e 2026-2027\",\"datePublished\":\"2026-08-30T19:06:37+00:00\",\"dateModified\":\"2026-08-30T19:18:34+00:00\",\"mainEntityOfPage\":{\"@id\":\"https:\\\/\\\/avirondijonnais.com\\\/index.php\\\/2026\\\/08\\\/30\\\/rentree-2026-2027\\\/\"},\"wordCount\":200,\"image\":{\"@id\":\"https:\\\/\\\/avirondijonnais.com\\\/index.php\\\/2026\\\/08\\\/30\\\/rentree-2026-2027\\\/#primaryimage\"},\"thumbnailUrl\":\"http:\\\/\\\/avirondijonnais.com\\\/wp-content\\\/uploads\\\/2026\\\/08\\\/visuel_rentree_2026-2027_short.png\",\"articleSection\":[\"Aviron sant\u00e9\",\"Comp\u00e9tition\",\"Jeunes\",\"La vie du club\",\"Loisirs\"],\"inLanguage\":\"fr-FR\"},{\"@type\":\"WebPage\",\"@id\":\"https:\\\/\\\/avirondijonnais.com\\\/index.php\\\/2026\\\/08\\\/30\\\/rentree-2026-2027\\\/\",\"url\":\"https:\\\/\\\/avirondijonnais.com\\\/index.php\\\/2026\\\/08\\\/30\\\/rentree-2026-2027\\\/\",\"name\":\"Rentr\u00e9e 2026-2027 - Aviron Dijonnais\",\"isPartOf\":{\"@id\":\"https:\\\/\\\/avirondijonnais.com\\\/#website\"},\"primaryImageOfPage\":{\"@id\":\"https:\\\/\\\/avirondijonnais.com\\\/index.php\\\/2026\\\/08\\\/30\\\/rentree-2026-2027\\\/#primaryimage\"},\"image\":{\"@id\":\"https:\\\/\\\/avirondijonnais.com\\\/index.php\\\/2026\\\/08\\\/30\\\/rentree-2026-2027\\\/#primaryimage\"},\"thumbnailUrl\":\"http:\\\/\\\/avirondijonnais.com\\\/wp-content\\\/uploads\\\/2026\\\/08\\\/visuel_rentree_2026-2027_short.png\",\"datePublished\":\"2026-08-30T19:06:37+00:00\",\"dateModified\":\"2026-08-30T19:18:34+00:00\",\"author\":{\"@id\":\"https:\\\/\\\/avirondijonnais.com\\\/#\\\/schema\\\/person\\\/d0fe4ec1a371a0daf8553ff349ecd8af\"},\"breadcrumb\":{\"@id\":\"https:\\\/\\\/avirondijonnais.com\\\/index.php\\\/2026\\\/08\\\/30\\\/rentree-2026-2027\\\/#breadcrumb\"},\"inLanguage\":\"fr-FR\",\"potentialAction\":[{\"@type\":\"ReadAction\",\"target\":[\"https:\\\/\\\/avirondijonnais.com\\\/index.php\\\/2026\\\/08\\\/30\\\/rentree-2026-2027\\\/\"]}]},{\"@type\":\"ImageObject\",\"inLanguage\":\"fr-FR\",\"@id\":\"https:\\\/\\\/avirondijonnais.com\\\/index.php\\\/2026\\\/08\\\/30\\\/rentree-2026-2027\\\/#primaryimage\",\"url\":\"http:\\\/\\\/avirondijonnais.com\\\/wp-content\\\/uploads\\\/2026\\\/08\\\/visuel_rentree_2026-2027_short.png\",\"contentUrl\":\"http:\\\/\\\/avirondijonnais.com\\\/wp-content\\\/uploads\\\/2026\\\/08\\\/visuel_rentree_2026-2027_short.png\",\"width\":1200,\"height\":540},{\"@type\":\"BreadcrumbList\",\"@id\":\"https:\\\/\\\/avirondijonnais.com\\\/index.php\\\/2026\\\/08\\\/30\\\/rentree-2026-2027\\\/#breadcrumb\",\"itemListElement\":[{\"@type\":\"ListItem\",\"position\":1,\"name\":\"Accueil\",\"item\":\"https:\\\/\\\/avirondijonnais.com\\\/\"},{\"@type\":\"ListItem\",\"position\":2,\"name\":\"Rentr\u00e9e 2026-2027\"}]},{\"@type\":\"WebSite\",\"@id\":\"https:\\\/\\\/avirondijonnais.com\\\/#website\",\"url\":\"https:\\\/\\\/avirondijonnais.com\\\/\",\"name\":\"Aviron Dijonnais\",\"description\":\"L&#039;aviron loisirs, pour les jeunes, pour tous \u00e0 Dijon sur le lac kir \u00e0 la base nautique\",\"potentialAction\":[{\"@type\":\"SearchAction\",\"target\":{\"@type\":\"EntryPoint\",\"urlTemplate\":\"https:\\\/\\\/avirondijonnais.com\\\/?s={search_term_string}\"},\"query-input\":{\"@type\":\"PropertyValueSpecification\",\"valueRequired\":true,\"valueName\":\"search_term_string\"}}],\"inLanguage\":\"fr-FR\"},{\"@type\":\"Person\",\"@id\":\"https:\\\/\\\/avirondijonnais.com\\\/#\\\/schema\\\/person\\\/d0fe4ec1a371a0daf8553ff349ecd8af\",\"name\":\"Olivier\",\"image\":{\"@type\":\"ImageObject\",\"inLanguage\":\"fr-FR\",\"@id\":\"https:\\\/\\\/secure.gravatar.com\\\/avatar\\\/27aada894a71d218086094930177a87a517af62dff08b92d2095199c58ab740b?s=96&d=mm&r=g\",\"url\":\"https:\\\/\\\/secure.gravatar.com\\\/avatar\\\/27aada894a71d218086094930177a87a517af62dff08b92d2095199c58ab740b?s=96&d=mm&r=g\",\"contentUrl\":\"https:\\\/\\\/secure.gravatar.com\\\/avatar\\\/27aada894a71d218086094930177a87a517af62dff08b92d2095199c58ab740b?s=96&d=mm&r=g\",\"caption\":\"Olivier\"},\"url\":\"http:\\\/\\\/avirondijonnais.com\\\/index.php\\\/author\\\/admin9698\\\/\"}]}<\/script>\n<!-- \/ Yoast SEO plugin. -->","yoast_head_json":{"title":"Rentr\u00e9e 2026-2027 - Aviron Dijonnais","robots":{"index":"index","follow":"follow","max-snippet":"max-snippet:-1","max-image-preview":"max-image-preview:large","max-video-preview":"max-video-preview:-1"},"canonical":"https:\/\/avirondijonnais.com\/index.php\/2026\/08\/30\/rentree-2026-2027\/","og_locale":"fr_FR","og_type":"article","og_title":"Rentr\u00e9e 2026-2027 - Aviron Dijonnais","og_description":"[vc_row][vc_column][vc_separator color=\u00a0\u00bbwhite\u00a0\u00bb border_width=\u00a0\u00bb6&Prime; el_width=\u00a0\u00bb70&Prime;][vc_separator style=\u00a0\u00bbshadow\u00a0\u00bb border_width=\u00a0\u00bb7&Prime; el_width=\u00a0\u00bb70&Prime;][\/vc_column][\/vc_row][vc_row][vc_column][vc_column_text css=\u00a0\u00bb\u00a0\u00bb] Rentr\u00e9e de la saison 2026-2027 : rendez-vous le samedi 5 septembre ! La saison sportive reprend le samedi 5 septembre, aux cr\u00e9neaux habituels pour tous nos licenci\u00e9s. C&rsquo;est aussi l&rsquo;occasion id\u00e9ale de d\u00e9couvrir l&rsquo;aviron ! Sport complet, port\u00e9, praticable en plein air et accessible \u00e0 tous les&hellip;","og_url":"https:\/\/avirondijonnais.com\/index.php\/2026\/08\/30\/rentree-2026-2027\/","og_site_name":"Aviron Dijonnais","article_published_time":"2026-08-30T19:06:37+00:00","article_modified_time":"2026-08-30T19:18:34+00:00","og_image":[{"width":1200,"height":540,"url":"https:\/\/avirondijonnais.com\/wp-content\/uploads\/2026\/08\/visuel_rentree_2026-2027_short.png","type":"image\/png"}],"author":"Olivier","twitter_card":"summary_large_image","twitter_misc":{"\u00c9crit par":"Olivier","Dur\u00e9e de lecture estim\u00e9e":"1 minute"},"schema":{"@context":"https:\/\/schema.org","@graph":[{"@type":"Article","@id":"https:\/\/avirondijonnais.com\/index.php\/2026\/08\/30\/rentree-2026-2027\/#article","isPartOf":{"@id":"https:\/\/avirondijonnais.com\/index.php\/2026\/08\/30\/rentree-2026-2027\/"},"author":{"name":"Olivier","@id":"https:\/\/avirondijonnais.com\/#\/schema\/person\/d0fe4ec1a371a0daf8553ff349ecd8af"},"headline":"Rentr\u00e9e 2026-2027","datePublished":"2026-08-30T19:06:37+00:00","dateModified":"2026-08-30T19:18:34+00:00","mainEntityOfPage":{"@id":"https:\/\/avirondijonnais.com\/index.php\/2026\/08\/30\/rentree-2026-2027\/"},"wordCount":200,"image":{"@id":"https:\/\/avirondijonnais.com\/index.php\/2026\/08\/30\/rentree-2026-2027\/#primaryimage"},"thumbnailUrl":"http:\/\/avirondijonnais.com\/wp-content\/uploads\/2026\/08\/visuel_rentree_2026-2027_short.png","articleSection":["Aviron sant\u00e9","Comp\u00e9tition","Jeunes","La vie du club","Loisirs"],"inLanguage":"fr-FR"},{"@type":"WebPage","@id":"https:\/\/avirondijonnais.com\/index.php\/2026\/08\/30\/rentree-2026-2027\/","url":"https:\/\/avirondijonnais.com\/index.php\/2026\/08\/30\/rentree-2026-2027\/","name":"Rentr\u00e9e 2026-2027 - Aviron Dijonnais","isPartOf":{"@id":"https:\/\/avirondijonnais.com\/#website"},"primaryImageOfPage":{"@id":"https:\/\/avirondijonnais.com\/index.php\/2026\/08\/30\/rentree-2026-2027\/#primaryimage"},"image":{"@id":"https:\/\/avirondijonnais.com\/index.php\/2026\/08\/30\/rentree-2026-2027\/#primaryimage"},"thumbnailUrl":"http:\/\/avirondijonnais.com\/wp-content\/uploads\/2026\/08\/visuel_rentree_2026-2027_short.png","datePublished":"2026-08-30T19:06:37+00:00","dateModified":"2026-08-30T19:18:34+00:00","author":{"@id":"https:\/\/avirondijonnais.com\/#\/schema\/person\/d0fe4ec1a371a0daf8553ff349ecd8af"},"breadcrumb":{"@id":"https:\/\/avirondijonnais.com\/index.php\/2026\/08\/30\/rentree-2026-2027\/#breadcrumb"},"inLanguage":"fr-FR","potentialAction":[{"@type":"ReadAction","target":["https:\/\/avirondijonnais.com\/index.php\/2026\/08\/30\/rentree-2026-2027\/"]}]},{"@type":"ImageObject","inLanguage":"fr-FR","@id":"https:\/\/avirondijonnais.com\/index.php\/2026\/08\/30\/rentree-2026-2027\/#primaryimage","url":"http:\/\/avirondijonnais.com\/wp-content\/uploads\/2026\/08\/visuel_rentree_2026-2027_short.png","contentUrl":"http:\/\/avirondijonnais.com\/wp-content\/uploads\/2026\/08\/visuel_rentree_2026-2027_short.png","width":1200,"height":540},{"@type":"BreadcrumbList","@id":"https:\/\/avirondijonnais.com\/index.php\/2026\/08\/30\/rentree-2026-2027\/#breadcrumb","itemListElement":[{"@type":"ListItem","position":1,"name":"Accueil","item":"https:\/\/avirondijonnais.com\/"},{"@type":"ListItem","position":2,"name":"Rentr\u00e9e 2026-2027"}]},{"@type":"WebSite","@id":"https:\/\/avirondijonnais.com\/#website","url":"https:\/\/avirondijonnais.com\/","name":"Aviron Dijonnais","description":"L&#039;aviron loisirs, pour les jeunes, pour tous \u00e0 Dijon sur le lac kir \u00e0 la base nautique","potentialAction":[{"@type":"SearchAction","target":{"@type":"EntryPoint","urlTemplate":"https:\/\/avirondijonnais.com\/?s={search_term_string}"},"query-input":{"@type":"PropertyValueSpecification","valueRequired":true,"valueName":"search_term_string"}}],"inLanguage":"fr-FR"},{"@type":"Person","@id":"https:\/\/avirondijonnais.com\/#\/schema\/person\/d0fe4ec1a371a0daf8553ff349ecd8af","name":"Olivier","image":{"@type":"ImageObject","inLanguage":"fr-FR","@id":"https:\/\/secure.gravatar.com\/avatar\/27aada894a71d218086094930177a87a517af62dff08b92d2095199c58ab740b?s=96&d=mm&r=g","url":"https:\/\/secure.gravatar.com\/avatar\/27aada894a71d218086094930177a87a517af62dff08b92d2095199c58ab740b?s=96&d=mm&r=g","contentUrl":"https:\/\/secure.gravatar.com\/avatar\/27aada894a71d218086094930177a87a517af62dff08b92d2095199c58ab740b?s=96&d=mm&r=g","caption":"Olivier"},"url":"http:\/\/avirondijonnais.com\/index.php\/author\/admin9698\/"}]}},"_links":{"self":[{"href":"http:\/\/avirondijonnais.com\/index.php\/wp-json\/wp\/v2\/posts\/18354","targetHints":{"allow":["GET"]}}],"collection":[{"href":"http:\/\/avirondijonnais.com\/index.php\/wp-json\/wp\/v2\/posts"}],"about":[{"href":"http:\/\/avirondijonnais.com\/index.php\/wp-json\/wp\/v2\/types\/post"}],"author":[{"embeddable":true,"href":"http:\/\/avirondijonnais.com\/index.php\/wp-json\/wp\/v2\/users\/1"}],"replies":[{"embeddable":true,"href":"http:\/\/avirondijonnais.com\/index.php\/wp-json\/wp\/v2\/comments?post=18354"}],"version-history":[{"count":2,"href":"http:\/\/avirondijonnais.com\/index.php\/wp-json\/wp\/v2\/posts\/18354\/revisions"}],"predecessor-version":[{"id":18359,"href":"http:\/\/avirondijonnais.com\/index.php\/wp-json\/wp\/v2\/posts\/18354\/revisions\/18359"}],"wp:featuredmedia":[{"embeddable":true,"href":"http:\/\/avirondijonnais.com\/index.php\/wp-json\/wp\/v2\/media\/18361"}],"wp:attachment":[{"href":"http:\/\/avirondijonnais.com\/index.php\/wp-json\/wp\/v2\/media?parent=18354"}],"wp:term":[{"taxonomy":"category","embeddable":true,"href":"http:\/\/avirondijonnais.com\/index.php\/wp-json\/wp\/v2\/categories?post=18354"},{"taxonomy":"post_tag","embeddable":true,"href":"http:\/\/avirondijonnais.com\/index.php\/wp-json\/wp\/v2\/tags?post=18354"}],"curies":[{"name":"wp","href":"https:\/\/api.w.org\/{rel}","templated":true}]}}