{"id":16196,"date":"2018-12-15T17:58:04","date_gmt":"2018-12-15T16:58:04","guid":{"rendered":"http:\/\/avirondijonnais.com\/?p=16196"},"modified":"2018-12-15T18:00:38","modified_gmt":"2018-12-15T17:00:38","slug":"pendant-lhiver-le-jeudi-cest-ppg","status":"publish","type":"post","link":"https:\/\/avirondijonnais.com\/index.php\/2018\/12\/15\/pendant-lhiver-le-jeudi-cest-ppg\/","title":{"rendered":"Pendant l&rsquo;hiver, le jeudi soir c&rsquo;est PPG"},"content":{"rendered":"<div class=\"wpb-content-wrapper\"><p>[vc_row][vc_column]<div class=\"dt-fancy-separator h1-size\" style=\"width: 80%;\"><div class=\"dt-fancy-title\" style=\"color: #0552d2;\"><span class=\"separator-holder separator-left\"><\/span>S\u00e9ances de pr\u00e9paration physique (PPG)<span class=\"separator-holder separator-right\"><\/span><\/div><\/div>[vc_separator color=\u00a0\u00bbwhite\u00a0\u00bb border_width=\u00a0\u00bb6&Prime; el_width=\u00a0\u00bb70&Prime;][vc_separator style=\u00a0\u00bbshadow\u00a0\u00bb border_width=\u00a0\u00bb7&Prime; el_width=\u00a0\u00bb70&Prime;][\/vc_column][\/vc_row][vc_row][vc_column][vc_column_text]- Pendant la p\u00e9riode hivernale (horaires d&rsquo;hiver), les sorties sur l&rsquo;eau du jeudi (18h-20h) sont remplac\u00e9es par des s\u00e9ances de pr\u00e9paration physique. Ces s\u00e9ances\u00a0se d\u00e9roulent au gymnase du\u00a0CFA-AFORBAT, Centre de formation des apprentis du b\u00e2timent et des travaux publics, 48 rue du Fort de la Motte Giron. Une fois sur place, pour vous aider \u00e0 trouver le gymnase, suivez les panneaux \u201cchaufferie\u201d.[\/vc_column_text][\/vc_column][\/vc_row][vc_row][vc_column][\/vc_column][\/vc_row]<\/p>\n<\/div>","protected":false},"excerpt":{"rendered":"<p>[vc_row][vc_column][vc_separator color=\u00a0\u00bbwhite\u00a0\u00bb border_width=\u00a0\u00bb6&Prime; el_width=\u00a0\u00bb70&Prime;][vc_separator style=\u00a0\u00bbshadow\u00a0\u00bb border_width=\u00a0\u00bb7&Prime; el_width=\u00a0\u00bb70&Prime;][\/vc_column][\/vc_row][vc_row][vc_column][vc_column_text]- Pendant la p\u00e9riode hivernale (horaires d&rsquo;hiver), les sorties sur l&rsquo;eau du jeudi (18h-20h) sont remplac\u00e9es par des s\u00e9ances de pr\u00e9paration physique. Ces s\u00e9ances\u00a0se d\u00e9roulent au gymnase du\u00a0CFA-AFORBAT, Centre de formation des apprentis du b\u00e2timent et des travaux publics, 48 rue du Fort de la Motte Giron. Une fois&hellip;<\/p>\n","protected":false},"author":1,"featured_media":16198,"comment_status":"closed","ping_status":"open","sticky":false,"template":"","format":"standard","meta":{"footnotes":""},"categories":[34],"tags":[],"class_list":["post-16196","post","type-post","status-publish","format-standard","has-post-thumbnail","hentry","category-laviron","category-34","description-off"],"yoast_head":"<!-- This site is optimized with the Yoast SEO plugin v26.9 - https:\/\/yoast.com\/product\/yoast-seo-wordpress\/ -->\n<title>Pendant l&#039;hiver, le jeudi soir c&#039;est PPG - Aviron Dijonnais<\/title>\n<meta name=\"robots\" content=\"index, follow, max-snippet:-1, max-image-preview:large, max-video-preview:-1\" \/>\n<link rel=\"canonical\" href=\"https:\/\/avirondijonnais.com\/index.php\/2018\/12\/15\/pendant-lhiver-le-jeudi-cest-ppg\/\" \/>\n<meta property=\"og:locale\" content=\"fr_FR\" \/>\n<meta property=\"og:type\" content=\"article\" \/>\n<meta property=\"og:title\" content=\"Pendant l&#039;hiver, le jeudi soir c&#039;est PPG - Aviron Dijonnais\" \/>\n<meta property=\"og:description\" content=\"[vc_row][vc_column][vc_separator color=\u00a0\u00bbwhite\u00a0\u00bb border_width=\u00a0\u00bb6&Prime; el_width=\u00a0\u00bb70&Prime;][vc_separator style=\u00a0\u00bbshadow\u00a0\u00bb border_width=\u00a0\u00bb7&Prime; el_width=\u00a0\u00bb70&Prime;][\/vc_column][\/vc_row][vc_row][vc_column][vc_column_text]- Pendant la p\u00e9riode hivernale (horaires d&rsquo;hiver), les sorties sur l&rsquo;eau du jeudi (18h-20h) sont remplac\u00e9es par des s\u00e9ances de pr\u00e9paration physique. Ces s\u00e9ances\u00a0se d\u00e9roulent au gymnase du\u00a0CFA-AFORBAT, Centre de formation des apprentis du b\u00e2timent et des travaux publics, 48 rue du Fort de la Motte Giron. Une fois&hellip;\" \/>\n<meta property=\"og:url\" content=\"https:\/\/avirondijonnais.com\/index.php\/2018\/12\/15\/pendant-lhiver-le-jeudi-cest-ppg\/\" \/>\n<meta property=\"og:site_name\" content=\"Aviron Dijonnais\" \/>\n<meta property=\"article:published_time\" content=\"2018-12-15T16:58:04+00:00\" \/>\n<meta property=\"article:modified_time\" content=\"2018-12-15T17:00:38+00:00\" \/>\n<meta property=\"og:image\" content=\"https:\/\/avirondijonnais.com\/wp-content\/uploads\/2018\/12\/fitness.jpg\" \/>\n\t<meta property=\"og:image:width\" content=\"1080\" \/>\n\t<meta property=\"og:image:height\" content=\"720\" \/>\n\t<meta property=\"og:image:type\" content=\"image\/jpeg\" \/>\n<meta name=\"author\" content=\"Olivier\" \/>\n<meta name=\"twitter:card\" content=\"summary_large_image\" \/>\n<meta name=\"twitter:label1\" content=\"\u00c9crit par\" \/>\n\t<meta name=\"twitter:data1\" content=\"Olivier\" \/>\n\t<meta name=\"twitter:label2\" content=\"Dur\u00e9e de lecture estim\u00e9e\" \/>\n\t<meta name=\"twitter:data2\" content=\"1 minute\" \/>\n<script type=\"application\/ld+json\" class=\"yoast-schema-graph\">{\"@context\":\"https:\/\/schema.org\",\"@graph\":[{\"@type\":\"Article\",\"@id\":\"https:\/\/avirondijonnais.com\/index.php\/2018\/12\/15\/pendant-lhiver-le-jeudi-cest-ppg\/#article\",\"isPartOf\":{\"@id\":\"https:\/\/avirondijonnais.com\/index.php\/2018\/12\/15\/pendant-lhiver-le-jeudi-cest-ppg\/\"},\"author\":{\"name\":\"Olivier\",\"@id\":\"http:\/\/avirondijonnais.com\/#\/schema\/person\/d0fe4ec1a371a0daf8553ff349ecd8af\"},\"headline\":\"Pendant l&rsquo;hiver, le jeudi soir c&rsquo;est PPG\",\"datePublished\":\"2018-12-15T16:58:04+00:00\",\"dateModified\":\"2018-12-15T17:00:38+00:00\",\"mainEntityOfPage\":{\"@id\":\"https:\/\/avirondijonnais.com\/index.php\/2018\/12\/15\/pendant-lhiver-le-jeudi-cest-ppg\/\"},\"wordCount\":150,\"image\":{\"@id\":\"https:\/\/avirondijonnais.com\/index.php\/2018\/12\/15\/pendant-lhiver-le-jeudi-cest-ppg\/#primaryimage\"},\"thumbnailUrl\":\"https:\/\/avirondijonnais.com\/wp-content\/uploads\/2018\/12\/fitness.jpg\",\"articleSection\":[\"La vie du club\"],\"inLanguage\":\"fr-FR\"},{\"@type\":\"WebPage\",\"@id\":\"https:\/\/avirondijonnais.com\/index.php\/2018\/12\/15\/pendant-lhiver-le-jeudi-cest-ppg\/\",\"url\":\"https:\/\/avirondijonnais.com\/index.php\/2018\/12\/15\/pendant-lhiver-le-jeudi-cest-ppg\/\",\"name\":\"Pendant l'hiver, le jeudi soir c'est PPG - Aviron Dijonnais\",\"isPartOf\":{\"@id\":\"http:\/\/avirondijonnais.com\/#website\"},\"primaryImageOfPage\":{\"@id\":\"https:\/\/avirondijonnais.com\/index.php\/2018\/12\/15\/pendant-lhiver-le-jeudi-cest-ppg\/#primaryimage\"},\"image\":{\"@id\":\"https:\/\/avirondijonnais.com\/index.php\/2018\/12\/15\/pendant-lhiver-le-jeudi-cest-ppg\/#primaryimage\"},\"thumbnailUrl\":\"https:\/\/avirondijonnais.com\/wp-content\/uploads\/2018\/12\/fitness.jpg\",\"datePublished\":\"2018-12-15T16:58:04+00:00\",\"dateModified\":\"2018-12-15T17:00:38+00:00\",\"author\":{\"@id\":\"http:\/\/avirondijonnais.com\/#\/schema\/person\/d0fe4ec1a371a0daf8553ff349ecd8af\"},\"breadcrumb\":{\"@id\":\"https:\/\/avirondijonnais.com\/index.php\/2018\/12\/15\/pendant-lhiver-le-jeudi-cest-ppg\/#breadcrumb\"},\"inLanguage\":\"fr-FR\",\"potentialAction\":[{\"@type\":\"ReadAction\",\"target\":[\"https:\/\/avirondijonnais.com\/index.php\/2018\/12\/15\/pendant-lhiver-le-jeudi-cest-ppg\/\"]}]},{\"@type\":\"ImageObject\",\"inLanguage\":\"fr-FR\",\"@id\":\"https:\/\/avirondijonnais.com\/index.php\/2018\/12\/15\/pendant-lhiver-le-jeudi-cest-ppg\/#primaryimage\",\"url\":\"https:\/\/avirondijonnais.com\/wp-content\/uploads\/2018\/12\/fitness.jpg\",\"contentUrl\":\"https:\/\/avirondijonnais.com\/wp-content\/uploads\/2018\/12\/fitness.jpg\",\"width\":1080,\"height\":720},{\"@type\":\"BreadcrumbList\",\"@id\":\"https:\/\/avirondijonnais.com\/index.php\/2018\/12\/15\/pendant-lhiver-le-jeudi-cest-ppg\/#breadcrumb\",\"itemListElement\":[{\"@type\":\"ListItem\",\"position\":1,\"name\":\"Accueil\",\"item\":\"http:\/\/avirondijonnais.com\/\"},{\"@type\":\"ListItem\",\"position\":2,\"name\":\"Pendant l&rsquo;hiver, le jeudi soir c&rsquo;est PPG\"}]},{\"@type\":\"WebSite\",\"@id\":\"http:\/\/avirondijonnais.com\/#website\",\"url\":\"http:\/\/avirondijonnais.com\/\",\"name\":\"Aviron Dijonnais\",\"description\":\"L&#039;aviron loisirs, pour les jeunes, pour tous \u00e0 Dijon sur le lac kir \u00e0 la base nautique\",\"potentialAction\":[{\"@type\":\"SearchAction\",\"target\":{\"@type\":\"EntryPoint\",\"urlTemplate\":\"http:\/\/avirondijonnais.com\/?s={search_term_string}\"},\"query-input\":{\"@type\":\"PropertyValueSpecification\",\"valueRequired\":true,\"valueName\":\"search_term_string\"}}],\"inLanguage\":\"fr-FR\"},{\"@type\":\"Person\",\"@id\":\"http:\/\/avirondijonnais.com\/#\/schema\/person\/d0fe4ec1a371a0daf8553ff349ecd8af\",\"name\":\"Olivier\",\"image\":{\"@type\":\"ImageObject\",\"inLanguage\":\"fr-FR\",\"@id\":\"http:\/\/avirondijonnais.com\/#\/schema\/person\/image\/\",\"url\":\"https:\/\/secure.gravatar.com\/avatar\/27aada894a71d218086094930177a87a517af62dff08b92d2095199c58ab740b?s=96&d=mm&r=g\",\"contentUrl\":\"https:\/\/secure.gravatar.com\/avatar\/27aada894a71d218086094930177a87a517af62dff08b92d2095199c58ab740b?s=96&d=mm&r=g\",\"caption\":\"Olivier\"},\"url\":\"https:\/\/avirondijonnais.com\/index.php\/author\/admin9698\/\"}]}<\/script>\n<!-- \/ Yoast SEO plugin. -->","yoast_head_json":{"title":"Pendant l'hiver, le jeudi soir c'est PPG - Aviron Dijonnais","robots":{"index":"index","follow":"follow","max-snippet":"max-snippet:-1","max-image-preview":"max-image-preview:large","max-video-preview":"max-video-preview:-1"},"canonical":"https:\/\/avirondijonnais.com\/index.php\/2018\/12\/15\/pendant-lhiver-le-jeudi-cest-ppg\/","og_locale":"fr_FR","og_type":"article","og_title":"Pendant l'hiver, le jeudi soir c'est PPG - Aviron Dijonnais","og_description":"[vc_row][vc_column][vc_separator color=\u00a0\u00bbwhite\u00a0\u00bb border_width=\u00a0\u00bb6&Prime; el_width=\u00a0\u00bb70&Prime;][vc_separator style=\u00a0\u00bbshadow\u00a0\u00bb border_width=\u00a0\u00bb7&Prime; el_width=\u00a0\u00bb70&Prime;][\/vc_column][\/vc_row][vc_row][vc_column][vc_column_text]- Pendant la p\u00e9riode hivernale (horaires d&rsquo;hiver), les sorties sur l&rsquo;eau du jeudi (18h-20h) sont remplac\u00e9es par des s\u00e9ances de pr\u00e9paration physique. Ces s\u00e9ances\u00a0se d\u00e9roulent au gymnase du\u00a0CFA-AFORBAT, Centre de formation des apprentis du b\u00e2timent et des travaux publics, 48 rue du Fort de la Motte Giron. Une fois&hellip;","og_url":"https:\/\/avirondijonnais.com\/index.php\/2018\/12\/15\/pendant-lhiver-le-jeudi-cest-ppg\/","og_site_name":"Aviron Dijonnais","article_published_time":"2018-12-15T16:58:04+00:00","article_modified_time":"2018-12-15T17:00:38+00:00","og_image":[{"width":1080,"height":720,"url":"https:\/\/avirondijonnais.com\/wp-content\/uploads\/2018\/12\/fitness.jpg","type":"image\/jpeg"}],"author":"Olivier","twitter_card":"summary_large_image","twitter_misc":{"\u00c9crit par":"Olivier","Dur\u00e9e de lecture estim\u00e9e":"1 minute"},"schema":{"@context":"https:\/\/schema.org","@graph":[{"@type":"Article","@id":"https:\/\/avirondijonnais.com\/index.php\/2018\/12\/15\/pendant-lhiver-le-jeudi-cest-ppg\/#article","isPartOf":{"@id":"https:\/\/avirondijonnais.com\/index.php\/2018\/12\/15\/pendant-lhiver-le-jeudi-cest-ppg\/"},"author":{"name":"Olivier","@id":"http:\/\/avirondijonnais.com\/#\/schema\/person\/d0fe4ec1a371a0daf8553ff349ecd8af"},"headline":"Pendant l&rsquo;hiver, le jeudi soir c&rsquo;est PPG","datePublished":"2018-12-15T16:58:04+00:00","dateModified":"2018-12-15T17:00:38+00:00","mainEntityOfPage":{"@id":"https:\/\/avirondijonnais.com\/index.php\/2018\/12\/15\/pendant-lhiver-le-jeudi-cest-ppg\/"},"wordCount":150,"image":{"@id":"https:\/\/avirondijonnais.com\/index.php\/2018\/12\/15\/pendant-lhiver-le-jeudi-cest-ppg\/#primaryimage"},"thumbnailUrl":"https:\/\/avirondijonnais.com\/wp-content\/uploads\/2018\/12\/fitness.jpg","articleSection":["La vie du club"],"inLanguage":"fr-FR"},{"@type":"WebPage","@id":"https:\/\/avirondijonnais.com\/index.php\/2018\/12\/15\/pendant-lhiver-le-jeudi-cest-ppg\/","url":"https:\/\/avirondijonnais.com\/index.php\/2018\/12\/15\/pendant-lhiver-le-jeudi-cest-ppg\/","name":"Pendant l'hiver, le jeudi soir c'est PPG - Aviron Dijonnais","isPartOf":{"@id":"http:\/\/avirondijonnais.com\/#website"},"primaryImageOfPage":{"@id":"https:\/\/avirondijonnais.com\/index.php\/2018\/12\/15\/pendant-lhiver-le-jeudi-cest-ppg\/#primaryimage"},"image":{"@id":"https:\/\/avirondijonnais.com\/index.php\/2018\/12\/15\/pendant-lhiver-le-jeudi-cest-ppg\/#primaryimage"},"thumbnailUrl":"https:\/\/avirondijonnais.com\/wp-content\/uploads\/2018\/12\/fitness.jpg","datePublished":"2018-12-15T16:58:04+00:00","dateModified":"2018-12-15T17:00:38+00:00","author":{"@id":"http:\/\/avirondijonnais.com\/#\/schema\/person\/d0fe4ec1a371a0daf8553ff349ecd8af"},"breadcrumb":{"@id":"https:\/\/avirondijonnais.com\/index.php\/2018\/12\/15\/pendant-lhiver-le-jeudi-cest-ppg\/#breadcrumb"},"inLanguage":"fr-FR","potentialAction":[{"@type":"ReadAction","target":["https:\/\/avirondijonnais.com\/index.php\/2018\/12\/15\/pendant-lhiver-le-jeudi-cest-ppg\/"]}]},{"@type":"ImageObject","inLanguage":"fr-FR","@id":"https:\/\/avirondijonnais.com\/index.php\/2018\/12\/15\/pendant-lhiver-le-jeudi-cest-ppg\/#primaryimage","url":"https:\/\/avirondijonnais.com\/wp-content\/uploads\/2018\/12\/fitness.jpg","contentUrl":"https:\/\/avirondijonnais.com\/wp-content\/uploads\/2018\/12\/fitness.jpg","width":1080,"height":720},{"@type":"BreadcrumbList","@id":"https:\/\/avirondijonnais.com\/index.php\/2018\/12\/15\/pendant-lhiver-le-jeudi-cest-ppg\/#breadcrumb","itemListElement":[{"@type":"ListItem","position":1,"name":"Accueil","item":"http:\/\/avirondijonnais.com\/"},{"@type":"ListItem","position":2,"name":"Pendant l&rsquo;hiver, le jeudi soir c&rsquo;est PPG"}]},{"@type":"WebSite","@id":"http:\/\/avirondijonnais.com\/#website","url":"http:\/\/avirondijonnais.com\/","name":"Aviron Dijonnais","description":"L&#039;aviron loisirs, pour les jeunes, pour tous \u00e0 Dijon sur le lac kir \u00e0 la base nautique","potentialAction":[{"@type":"SearchAction","target":{"@type":"EntryPoint","urlTemplate":"http:\/\/avirondijonnais.com\/?s={search_term_string}"},"query-input":{"@type":"PropertyValueSpecification","valueRequired":true,"valueName":"search_term_string"}}],"inLanguage":"fr-FR"},{"@type":"Person","@id":"http:\/\/avirondijonnais.com\/#\/schema\/person\/d0fe4ec1a371a0daf8553ff349ecd8af","name":"Olivier","image":{"@type":"ImageObject","inLanguage":"fr-FR","@id":"http:\/\/avirondijonnais.com\/#\/schema\/person\/image\/","url":"https:\/\/secure.gravatar.com\/avatar\/27aada894a71d218086094930177a87a517af62dff08b92d2095199c58ab740b?s=96&d=mm&r=g","contentUrl":"https:\/\/secure.gravatar.com\/avatar\/27aada894a71d218086094930177a87a517af62dff08b92d2095199c58ab740b?s=96&d=mm&r=g","caption":"Olivier"},"url":"https:\/\/avirondijonnais.com\/index.php\/author\/admin9698\/"}]}},"_links":{"self":[{"href":"https:\/\/avirondijonnais.com\/index.php\/wp-json\/wp\/v2\/posts\/16196","targetHints":{"allow":["GET"]}}],"collection":[{"href":"https:\/\/avirondijonnais.com\/index.php\/wp-json\/wp\/v2\/posts"}],"about":[{"href":"https:\/\/avirondijonnais.com\/index.php\/wp-json\/wp\/v2\/types\/post"}],"author":[{"embeddable":true,"href":"https:\/\/avirondijonnais.com\/index.php\/wp-json\/wp\/v2\/users\/1"}],"replies":[{"embeddable":true,"href":"https:\/\/avirondijonnais.com\/index.php\/wp-json\/wp\/v2\/comments?post=16196"}],"version-history":[{"count":4,"href":"https:\/\/avirondijonnais.com\/index.php\/wp-json\/wp\/v2\/posts\/16196\/revisions"}],"predecessor-version":[{"id":16201,"href":"https:\/\/avirondijonnais.com\/index.php\/wp-json\/wp\/v2\/posts\/16196\/revisions\/16201"}],"wp:featuredmedia":[{"embeddable":true,"href":"https:\/\/avirondijonnais.com\/index.php\/wp-json\/wp\/v2\/media\/16198"}],"wp:attachment":[{"href":"https:\/\/avirondijonnais.com\/index.php\/wp-json\/wp\/v2\/media?parent=16196"}],"wp:term":[{"taxonomy":"category","embeddable":true,"href":"https:\/\/avirondijonnais.com\/index.php\/wp-json\/wp\/v2\/categories?post=16196"},{"taxonomy":"post_tag","embeddable":true,"href":"https:\/\/avirondijonnais.com\/index.php\/wp-json\/wp\/v2\/tags?post=16196"}],"curies":[{"name":"wp","href":"https:\/\/api.w.org\/{rel}","templated":true}]}}