{"id":17982,"date":"2024-02-17T17:54:39","date_gmt":"2024-02-17T16:54:39","guid":{"rendered":"http:\/\/avirondijonnais.com\/?p=17982"},"modified":"2024-02-17T17:59:57","modified_gmt":"2024-02-17T16:59:57","slug":"bilan-meteo-de-lannee-2023-au-lac-kir","status":"publish","type":"post","link":"https:\/\/avirondijonnais.com\/index.php\/2024\/02\/17\/bilan-meteo-de-lannee-2023-au-lac-kir\/","title":{"rendered":"Bilan m\u00e9t\u00e9o de l&rsquo;ann\u00e9e 2023 au lac Kir"},"content":{"rendered":"<div class=\"wpb-content-wrapper\"><p>[vc_row][vc_column]<div class=\"dt-fancy-separator h1-size\" style=\"width: 80%;\"><div class=\"dt-fancy-title\" style=\"color: #0552d2;\"><span class=\"separator-holder separator-left\"><\/span>Bilan m\u00e9t\u00e9o 2023<span class=\"separator-holder separator-right\"><\/span><\/div><\/div>[vc_separator color=\u00a0\u00bbwhite\u00a0\u00bb border_width=\u00a0\u00bb6&Prime; el_width=\u00a0\u00bb70&Prime;][vc_separator style=\u00a0\u00bbshadow\u00a0\u00bb border_width=\u00a0\u00bb7&Prime; el_width=\u00a0\u00bb70&Prime;][\/vc_column][\/vc_row][vc_row][vc_column][vc_column_text]Petit retour sur l&rsquo;ann\u00e9e 2023 qui vient de s&rsquo;\u00e9couler d&rsquo;un point de vue m\u00e9t\u00e9o et des conditions pour ramer (bilan r\u00e9alis\u00e9 \u00e0 partir des donn\u00e9es de la station m\u00e9t\u00e9o du lac Kir du <a href=\"https:\/\/search-data.ubfc.fr\/FR-18008901306731-2015-07-02-21_Mesures-urbaines-de-la-temperature-dans.html\" target=\"_blank\" rel=\"noopener\">r\u00e9seau MUSTARDijon<\/a>).<br \/>\nVous pouvez \u00e9galement consulter les <a href=\"https:\/\/dashboard.hobolink.com\/public\/7958\/lac%20Kir-12-13-2021%2010:23:27#\/\" target=\"_blank\" rel=\"noopener\">conditions m\u00e9t\u00e9o actuelles<\/a> de la station ainsi que les <a href=\"https:\/\/avirondijonnais.com\/index.php\/meteo\/historique\/\">donn\u00e9es historiques<\/a> depuis 2014.[\/vc_column_text][\/vc_column][\/vc_row][vc_row][vc_column][vc_single_image image=\u00a0\u00bb17984&Prime; img_size=\u00a0\u00bblarge\u00a0\u00bb][vc_separator border_width=\u00a0\u00bb2&Prime;][\/vc_column][\/vc_row][vc_row][vc_column][vc_column_text]<\/p>\n<h3>Comparaison de la temp\u00e9rature mensuelle de l\u2019air de l\u2019ann\u00e9e en cours (<strong>trait noir<\/strong>), avec la moyenne pluri-annuelle (<strong><span style=\"color: #0000ff;\">trait bleu<\/span><\/strong>)<\/h3>\n<p>[\/vc_column_text][vc_single_image image=\u00a0\u00bb17989&Prime; img_size=\u00a0\u00bbfull\u00a0\u00bb][vc_separator border_width=\u00a0\u00bb2&Prime;][\/vc_column][\/vc_row][vc_row][vc_column][vc_column_text]<\/p>\n<h3>Comparaison de la temp\u00e9rature journali\u00e8re en 2022 et 2023<\/h3>\n<p>[\/vc_column_text][vc_single_image image=\u00a0\u00bb17995&Prime; img_size=\u00a0\u00bbfull\u00a0\u00bb][vc_separator border_width=\u00a0\u00bb2&Prime;][\/vc_column][\/vc_row][vc_row][vc_column][vc_column_text]<\/p>\n<h3>Comparaison de la vitesse moyenne du vent (km\/h) en 2022 et 2023<\/h3>\n<p>[\/vc_column_text][vc_single_image image=\u00a0\u00bb17998&Prime; img_size=\u00a0\u00bbfull\u00a0\u00bb][\/vc_column][\/vc_row]<\/p>\n<\/div>","protected":false},"excerpt":{"rendered":"<p>[vc_row][vc_column][vc_separator color=\u00a0\u00bbwhite\u00a0\u00bb border_width=\u00a0\u00bb6&Prime; el_width=\u00a0\u00bb70&Prime;][vc_separator style=\u00a0\u00bbshadow\u00a0\u00bb border_width=\u00a0\u00bb7&Prime; el_width=\u00a0\u00bb70&Prime;][\/vc_column][\/vc_row][vc_row][vc_column][vc_column_text]Petit retour sur l&rsquo;ann\u00e9e 2023 qui vient de s&rsquo;\u00e9couler d&rsquo;un point de vue m\u00e9t\u00e9o et des conditions pour ramer (bilan r\u00e9alis\u00e9 \u00e0 partir des donn\u00e9es de la station m\u00e9t\u00e9o du lac Kir du r\u00e9seau MUSTARDijon). Vous pouvez \u00e9galement consulter les conditions m\u00e9t\u00e9o actuelles de la station ainsi que les&hellip;<\/p>\n","protected":false},"author":1,"featured_media":18000,"comment_status":"closed","ping_status":"open","sticky":false,"template":"","format":"standard","meta":{"footnotes":""},"categories":[34],"tags":[],"class_list":["post-17982","post","type-post","status-publish","format-standard","has-post-thumbnail","hentry","category-laviron","category-34","description-off"],"yoast_head":"<!-- This site is optimized with the Yoast SEO plugin v26.9 - https:\/\/yoast.com\/product\/yoast-seo-wordpress\/ -->\n<title>Bilan m\u00e9t\u00e9o de l&#039;ann\u00e9e 2023 au lac Kir - Aviron Dijonnais<\/title>\n<meta name=\"robots\" content=\"index, follow, max-snippet:-1, max-image-preview:large, max-video-preview:-1\" \/>\n<link rel=\"canonical\" href=\"https:\/\/avirondijonnais.com\/index.php\/2024\/02\/17\/bilan-meteo-de-lannee-2023-au-lac-kir\/\" \/>\n<meta property=\"og:locale\" content=\"fr_FR\" \/>\n<meta property=\"og:type\" content=\"article\" \/>\n<meta property=\"og:title\" content=\"Bilan m\u00e9t\u00e9o de l&#039;ann\u00e9e 2023 au lac Kir - Aviron Dijonnais\" \/>\n<meta property=\"og:description\" content=\"[vc_row][vc_column][vc_separator color=\u00a0\u00bbwhite\u00a0\u00bb border_width=\u00a0\u00bb6&Prime; el_width=\u00a0\u00bb70&Prime;][vc_separator style=\u00a0\u00bbshadow\u00a0\u00bb border_width=\u00a0\u00bb7&Prime; el_width=\u00a0\u00bb70&Prime;][\/vc_column][\/vc_row][vc_row][vc_column][vc_column_text]Petit retour sur l&rsquo;ann\u00e9e 2023 qui vient de s&rsquo;\u00e9couler d&rsquo;un point de vue m\u00e9t\u00e9o et des conditions pour ramer (bilan r\u00e9alis\u00e9 \u00e0 partir des donn\u00e9es de la station m\u00e9t\u00e9o du lac Kir du r\u00e9seau MUSTARDijon). Vous pouvez \u00e9galement consulter les conditions m\u00e9t\u00e9o actuelles de la station ainsi que les&hellip;\" \/>\n<meta property=\"og:url\" content=\"https:\/\/avirondijonnais.com\/index.php\/2024\/02\/17\/bilan-meteo-de-lannee-2023-au-lac-kir\/\" \/>\n<meta property=\"og:site_name\" content=\"Aviron Dijonnais\" \/>\n<meta property=\"article:published_time\" content=\"2024-02-17T16:54:39+00:00\" \/>\n<meta property=\"article:modified_time\" content=\"2024-02-17T16:59:57+00:00\" \/>\n<meta property=\"og:image\" content=\"https:\/\/avirondijonnais.com\/wp-content\/uploads\/2024\/02\/weather.jpg\" \/>\n\t<meta property=\"og:image:width\" content=\"1080\" \/>\n\t<meta property=\"og:image:height\" content=\"720\" \/>\n\t<meta property=\"og:image:type\" content=\"image\/jpeg\" \/>\n<meta name=\"author\" content=\"Olivier\" \/>\n<meta name=\"twitter:card\" content=\"summary_large_image\" \/>\n<meta name=\"twitter:label1\" content=\"\u00c9crit par\" \/>\n\t<meta name=\"twitter:data1\" content=\"Olivier\" \/>\n\t<meta name=\"twitter:label2\" content=\"Dur\u00e9e de lecture estim\u00e9e\" \/>\n\t<meta name=\"twitter:data2\" content=\"1 minute\" \/>\n<script type=\"application\/ld+json\" class=\"yoast-schema-graph\">{\"@context\":\"https:\/\/schema.org\",\"@graph\":[{\"@type\":\"Article\",\"@id\":\"https:\/\/avirondijonnais.com\/index.php\/2024\/02\/17\/bilan-meteo-de-lannee-2023-au-lac-kir\/#article\",\"isPartOf\":{\"@id\":\"https:\/\/avirondijonnais.com\/index.php\/2024\/02\/17\/bilan-meteo-de-lannee-2023-au-lac-kir\/\"},\"author\":{\"name\":\"Olivier\",\"@id\":\"http:\/\/avirondijonnais.com\/#\/schema\/person\/d0fe4ec1a371a0daf8553ff349ecd8af\"},\"headline\":\"Bilan m\u00e9t\u00e9o de l&rsquo;ann\u00e9e 2023 au lac Kir\",\"datePublished\":\"2024-02-17T16:54:39+00:00\",\"dateModified\":\"2024-02-17T16:59:57+00:00\",\"mainEntityOfPage\":{\"@id\":\"https:\/\/avirondijonnais.com\/index.php\/2024\/02\/17\/bilan-meteo-de-lannee-2023-au-lac-kir\/\"},\"wordCount\":266,\"image\":{\"@id\":\"https:\/\/avirondijonnais.com\/index.php\/2024\/02\/17\/bilan-meteo-de-lannee-2023-au-lac-kir\/#primaryimage\"},\"thumbnailUrl\":\"https:\/\/avirondijonnais.com\/wp-content\/uploads\/2024\/02\/weather.jpg\",\"articleSection\":[\"La vie du club\"],\"inLanguage\":\"fr-FR\"},{\"@type\":\"WebPage\",\"@id\":\"https:\/\/avirondijonnais.com\/index.php\/2024\/02\/17\/bilan-meteo-de-lannee-2023-au-lac-kir\/\",\"url\":\"https:\/\/avirondijonnais.com\/index.php\/2024\/02\/17\/bilan-meteo-de-lannee-2023-au-lac-kir\/\",\"name\":\"Bilan m\u00e9t\u00e9o de l'ann\u00e9e 2023 au lac Kir - Aviron Dijonnais\",\"isPartOf\":{\"@id\":\"http:\/\/avirondijonnais.com\/#website\"},\"primaryImageOfPage\":{\"@id\":\"https:\/\/avirondijonnais.com\/index.php\/2024\/02\/17\/bilan-meteo-de-lannee-2023-au-lac-kir\/#primaryimage\"},\"image\":{\"@id\":\"https:\/\/avirondijonnais.com\/index.php\/2024\/02\/17\/bilan-meteo-de-lannee-2023-au-lac-kir\/#primaryimage\"},\"thumbnailUrl\":\"https:\/\/avirondijonnais.com\/wp-content\/uploads\/2024\/02\/weather.jpg\",\"datePublished\":\"2024-02-17T16:54:39+00:00\",\"dateModified\":\"2024-02-17T16:59:57+00:00\",\"author\":{\"@id\":\"http:\/\/avirondijonnais.com\/#\/schema\/person\/d0fe4ec1a371a0daf8553ff349ecd8af\"},\"breadcrumb\":{\"@id\":\"https:\/\/avirondijonnais.com\/index.php\/2024\/02\/17\/bilan-meteo-de-lannee-2023-au-lac-kir\/#breadcrumb\"},\"inLanguage\":\"fr-FR\",\"potentialAction\":[{\"@type\":\"ReadAction\",\"target\":[\"https:\/\/avirondijonnais.com\/index.php\/2024\/02\/17\/bilan-meteo-de-lannee-2023-au-lac-kir\/\"]}]},{\"@type\":\"ImageObject\",\"inLanguage\":\"fr-FR\",\"@id\":\"https:\/\/avirondijonnais.com\/index.php\/2024\/02\/17\/bilan-meteo-de-lannee-2023-au-lac-kir\/#primaryimage\",\"url\":\"https:\/\/avirondijonnais.com\/wp-content\/uploads\/2024\/02\/weather.jpg\",\"contentUrl\":\"https:\/\/avirondijonnais.com\/wp-content\/uploads\/2024\/02\/weather.jpg\",\"width\":1080,\"height\":720},{\"@type\":\"BreadcrumbList\",\"@id\":\"https:\/\/avirondijonnais.com\/index.php\/2024\/02\/17\/bilan-meteo-de-lannee-2023-au-lac-kir\/#breadcrumb\",\"itemListElement\":[{\"@type\":\"ListItem\",\"position\":1,\"name\":\"Accueil\",\"item\":\"http:\/\/avirondijonnais.com\/\"},{\"@type\":\"ListItem\",\"position\":2,\"name\":\"Bilan m\u00e9t\u00e9o de l&rsquo;ann\u00e9e 2023 au lac Kir\"}]},{\"@type\":\"WebSite\",\"@id\":\"http:\/\/avirondijonnais.com\/#website\",\"url\":\"http:\/\/avirondijonnais.com\/\",\"name\":\"Aviron Dijonnais\",\"description\":\"L&#039;aviron loisirs, pour les jeunes, pour tous \u00e0 Dijon sur le lac kir \u00e0 la base nautique\",\"potentialAction\":[{\"@type\":\"SearchAction\",\"target\":{\"@type\":\"EntryPoint\",\"urlTemplate\":\"http:\/\/avirondijonnais.com\/?s={search_term_string}\"},\"query-input\":{\"@type\":\"PropertyValueSpecification\",\"valueRequired\":true,\"valueName\":\"search_term_string\"}}],\"inLanguage\":\"fr-FR\"},{\"@type\":\"Person\",\"@id\":\"http:\/\/avirondijonnais.com\/#\/schema\/person\/d0fe4ec1a371a0daf8553ff349ecd8af\",\"name\":\"Olivier\",\"image\":{\"@type\":\"ImageObject\",\"inLanguage\":\"fr-FR\",\"@id\":\"http:\/\/avirondijonnais.com\/#\/schema\/person\/image\/\",\"url\":\"https:\/\/secure.gravatar.com\/avatar\/27aada894a71d218086094930177a87a517af62dff08b92d2095199c58ab740b?s=96&d=mm&r=g\",\"contentUrl\":\"https:\/\/secure.gravatar.com\/avatar\/27aada894a71d218086094930177a87a517af62dff08b92d2095199c58ab740b?s=96&d=mm&r=g\",\"caption\":\"Olivier\"},\"url\":\"https:\/\/avirondijonnais.com\/index.php\/author\/admin9698\/\"}]}<\/script>\n<!-- \/ Yoast SEO plugin. -->","yoast_head_json":{"title":"Bilan m\u00e9t\u00e9o de l'ann\u00e9e 2023 au lac Kir - Aviron Dijonnais","robots":{"index":"index","follow":"follow","max-snippet":"max-snippet:-1","max-image-preview":"max-image-preview:large","max-video-preview":"max-video-preview:-1"},"canonical":"https:\/\/avirondijonnais.com\/index.php\/2024\/02\/17\/bilan-meteo-de-lannee-2023-au-lac-kir\/","og_locale":"fr_FR","og_type":"article","og_title":"Bilan m\u00e9t\u00e9o de l'ann\u00e9e 2023 au lac Kir - Aviron Dijonnais","og_description":"[vc_row][vc_column][vc_separator color=\u00a0\u00bbwhite\u00a0\u00bb border_width=\u00a0\u00bb6&Prime; el_width=\u00a0\u00bb70&Prime;][vc_separator style=\u00a0\u00bbshadow\u00a0\u00bb border_width=\u00a0\u00bb7&Prime; el_width=\u00a0\u00bb70&Prime;][\/vc_column][\/vc_row][vc_row][vc_column][vc_column_text]Petit retour sur l&rsquo;ann\u00e9e 2023 qui vient de s&rsquo;\u00e9couler d&rsquo;un point de vue m\u00e9t\u00e9o et des conditions pour ramer (bilan r\u00e9alis\u00e9 \u00e0 partir des donn\u00e9es de la station m\u00e9t\u00e9o du lac Kir du r\u00e9seau MUSTARDijon). Vous pouvez \u00e9galement consulter les conditions m\u00e9t\u00e9o actuelles de la station ainsi que les&hellip;","og_url":"https:\/\/avirondijonnais.com\/index.php\/2024\/02\/17\/bilan-meteo-de-lannee-2023-au-lac-kir\/","og_site_name":"Aviron Dijonnais","article_published_time":"2024-02-17T16:54:39+00:00","article_modified_time":"2024-02-17T16:59:57+00:00","og_image":[{"width":1080,"height":720,"url":"https:\/\/avirondijonnais.com\/wp-content\/uploads\/2024\/02\/weather.jpg","type":"image\/jpeg"}],"author":"Olivier","twitter_card":"summary_large_image","twitter_misc":{"\u00c9crit par":"Olivier","Dur\u00e9e de lecture estim\u00e9e":"1 minute"},"schema":{"@context":"https:\/\/schema.org","@graph":[{"@type":"Article","@id":"https:\/\/avirondijonnais.com\/index.php\/2024\/02\/17\/bilan-meteo-de-lannee-2023-au-lac-kir\/#article","isPartOf":{"@id":"https:\/\/avirondijonnais.com\/index.php\/2024\/02\/17\/bilan-meteo-de-lannee-2023-au-lac-kir\/"},"author":{"name":"Olivier","@id":"http:\/\/avirondijonnais.com\/#\/schema\/person\/d0fe4ec1a371a0daf8553ff349ecd8af"},"headline":"Bilan m\u00e9t\u00e9o de l&rsquo;ann\u00e9e 2023 au lac Kir","datePublished":"2024-02-17T16:54:39+00:00","dateModified":"2024-02-17T16:59:57+00:00","mainEntityOfPage":{"@id":"https:\/\/avirondijonnais.com\/index.php\/2024\/02\/17\/bilan-meteo-de-lannee-2023-au-lac-kir\/"},"wordCount":266,"image":{"@id":"https:\/\/avirondijonnais.com\/index.php\/2024\/02\/17\/bilan-meteo-de-lannee-2023-au-lac-kir\/#primaryimage"},"thumbnailUrl":"https:\/\/avirondijonnais.com\/wp-content\/uploads\/2024\/02\/weather.jpg","articleSection":["La vie du club"],"inLanguage":"fr-FR"},{"@type":"WebPage","@id":"https:\/\/avirondijonnais.com\/index.php\/2024\/02\/17\/bilan-meteo-de-lannee-2023-au-lac-kir\/","url":"https:\/\/avirondijonnais.com\/index.php\/2024\/02\/17\/bilan-meteo-de-lannee-2023-au-lac-kir\/","name":"Bilan m\u00e9t\u00e9o de l'ann\u00e9e 2023 au lac Kir - Aviron Dijonnais","isPartOf":{"@id":"http:\/\/avirondijonnais.com\/#website"},"primaryImageOfPage":{"@id":"https:\/\/avirondijonnais.com\/index.php\/2024\/02\/17\/bilan-meteo-de-lannee-2023-au-lac-kir\/#primaryimage"},"image":{"@id":"https:\/\/avirondijonnais.com\/index.php\/2024\/02\/17\/bilan-meteo-de-lannee-2023-au-lac-kir\/#primaryimage"},"thumbnailUrl":"https:\/\/avirondijonnais.com\/wp-content\/uploads\/2024\/02\/weather.jpg","datePublished":"2024-02-17T16:54:39+00:00","dateModified":"2024-02-17T16:59:57+00:00","author":{"@id":"http:\/\/avirondijonnais.com\/#\/schema\/person\/d0fe4ec1a371a0daf8553ff349ecd8af"},"breadcrumb":{"@id":"https:\/\/avirondijonnais.com\/index.php\/2024\/02\/17\/bilan-meteo-de-lannee-2023-au-lac-kir\/#breadcrumb"},"inLanguage":"fr-FR","potentialAction":[{"@type":"ReadAction","target":["https:\/\/avirondijonnais.com\/index.php\/2024\/02\/17\/bilan-meteo-de-lannee-2023-au-lac-kir\/"]}]},{"@type":"ImageObject","inLanguage":"fr-FR","@id":"https:\/\/avirondijonnais.com\/index.php\/2024\/02\/17\/bilan-meteo-de-lannee-2023-au-lac-kir\/#primaryimage","url":"https:\/\/avirondijonnais.com\/wp-content\/uploads\/2024\/02\/weather.jpg","contentUrl":"https:\/\/avirondijonnais.com\/wp-content\/uploads\/2024\/02\/weather.jpg","width":1080,"height":720},{"@type":"BreadcrumbList","@id":"https:\/\/avirondijonnais.com\/index.php\/2024\/02\/17\/bilan-meteo-de-lannee-2023-au-lac-kir\/#breadcrumb","itemListElement":[{"@type":"ListItem","position":1,"name":"Accueil","item":"http:\/\/avirondijonnais.com\/"},{"@type":"ListItem","position":2,"name":"Bilan m\u00e9t\u00e9o de l&rsquo;ann\u00e9e 2023 au lac Kir"}]},{"@type":"WebSite","@id":"http:\/\/avirondijonnais.com\/#website","url":"http:\/\/avirondijonnais.com\/","name":"Aviron Dijonnais","description":"L&#039;aviron loisirs, pour les jeunes, pour tous \u00e0 Dijon sur le lac kir \u00e0 la base nautique","potentialAction":[{"@type":"SearchAction","target":{"@type":"EntryPoint","urlTemplate":"http:\/\/avirondijonnais.com\/?s={search_term_string}"},"query-input":{"@type":"PropertyValueSpecification","valueRequired":true,"valueName":"search_term_string"}}],"inLanguage":"fr-FR"},{"@type":"Person","@id":"http:\/\/avirondijonnais.com\/#\/schema\/person\/d0fe4ec1a371a0daf8553ff349ecd8af","name":"Olivier","image":{"@type":"ImageObject","inLanguage":"fr-FR","@id":"http:\/\/avirondijonnais.com\/#\/schema\/person\/image\/","url":"https:\/\/secure.gravatar.com\/avatar\/27aada894a71d218086094930177a87a517af62dff08b92d2095199c58ab740b?s=96&d=mm&r=g","contentUrl":"https:\/\/secure.gravatar.com\/avatar\/27aada894a71d218086094930177a87a517af62dff08b92d2095199c58ab740b?s=96&d=mm&r=g","caption":"Olivier"},"url":"https:\/\/avirondijonnais.com\/index.php\/author\/admin9698\/"}]}},"_links":{"self":[{"href":"https:\/\/avirondijonnais.com\/index.php\/wp-json\/wp\/v2\/posts\/17982","targetHints":{"allow":["GET"]}}],"collection":[{"href":"https:\/\/avirondijonnais.com\/index.php\/wp-json\/wp\/v2\/posts"}],"about":[{"href":"https:\/\/avirondijonnais.com\/index.php\/wp-json\/wp\/v2\/types\/post"}],"author":[{"embeddable":true,"href":"https:\/\/avirondijonnais.com\/index.php\/wp-json\/wp\/v2\/users\/1"}],"replies":[{"embeddable":true,"href":"https:\/\/avirondijonnais.com\/index.php\/wp-json\/wp\/v2\/comments?post=17982"}],"version-history":[{"count":15,"href":"https:\/\/avirondijonnais.com\/index.php\/wp-json\/wp\/v2\/posts\/17982\/revisions"}],"predecessor-version":[{"id":18002,"href":"https:\/\/avirondijonnais.com\/index.php\/wp-json\/wp\/v2\/posts\/17982\/revisions\/18002"}],"wp:featuredmedia":[{"embeddable":true,"href":"https:\/\/avirondijonnais.com\/index.php\/wp-json\/wp\/v2\/media\/18000"}],"wp:attachment":[{"href":"https:\/\/avirondijonnais.com\/index.php\/wp-json\/wp\/v2\/media?parent=17982"}],"wp:term":[{"taxonomy":"category","embeddable":true,"href":"https:\/\/avirondijonnais.com\/index.php\/wp-json\/wp\/v2\/categories?post=17982"},{"taxonomy":"post_tag","embeddable":true,"href":"https:\/\/avirondijonnais.com\/index.php\/wp-json\/wp\/v2\/tags?post=17982"}],"curies":[{"name":"wp","href":"https:\/\/api.w.org\/{rel}","templated":true}]}}