{"id":18013,"date":"2024-03-23T17:33:01","date_gmt":"2024-03-23T16:33:01","guid":{"rendered":"http:\/\/avirondijonnais.com\/?p=18013"},"modified":"2024-03-23T17:40:25","modified_gmt":"2024-03-23T16:40:25","slug":"championnats-de-france-2","status":"publish","type":"post","link":"https:\/\/avirondijonnais.com\/index.php\/2024\/03\/23\/championnats-de-france-2\/","title":{"rendered":"Championnats de France"},"content":{"rendered":"<div class=\"wpb-content-wrapper\"><p>[vc_row][vc_column]<div class=\"dt-fancy-separator h1-size\" style=\"width: 80%;\"><div class=\"dt-fancy-title\" style=\"color: #0552d2;\"><span class=\"separator-holder separator-left\"><\/span>Championnat de France longue distance<span class=\"separator-holder separator-right\"><\/span><\/div><\/div>[vc_separator color=\u00a0\u00bbwhite\u00a0\u00bb border_width=\u00a0\u00bb6&Prime; el_width=\u00a0\u00bb70&Prime;][vc_separator style=\u00a0\u00bbshadow\u00a0\u00bb border_width=\u00a0\u00bb7&Prime; el_width=\u00a0\u00bb70&Prime;][\/vc_column][\/vc_row][vc_row][vc_column][vc_column_text]Les 03 et 04 mars 2024 se sont d\u00e9roul\u00e9s les championnats de France d&rsquo;aviron longue distance. C&rsquo;est \u00e0 dire un parcours contre la montre sur 8000 m, avec des d\u00e9parts \u00e0 la file indienne toutes les 15 secondes.<\/p>\n<p>Nos comp\u00e9titeurs se sont pr\u00e9sent\u00e9s au rendez-vous dans les cat\u00e9gories suivantes :<br \/>\n&#8211; SH4x (Matthieu C, Jean M, Pierre GU et Augustin M)<br \/>\n&#8211; SF2x (C\u00e9lia M et Lucie P)<br \/>\n&#8211; SH2x (Augustin M et Gr\u00e9goire S)<\/p>\n<p>C&rsquo;est avec une m\u00e9t\u00e9o peu collaborative que les dijonnais ont affront\u00e9 l&rsquo;\u00e9preuve, \u00e0 peine capable de s&rsquo;exploiter physiquement tant le d\u00e9fi de l&rsquo;\u00e9quilibre \u00e9tait important (beaucoup de vent faisant entrer les vagues dans les bateaux, et une temp\u00e9rature proche des 3\u00b0C le dimanche avec de la pluie). L&rsquo;organisation avait d&rsquo;ailleurs revu la distance de course \u00e0 la baisse pour permettre aux rameurs de terminer le parcours plus vite et avancer les courses pour finir plus t\u00f4t afin d&rsquo;\u00e9viter la \u00ab\u00a0temp\u00eate\u00a0\u00bb qui augmentait au fur et \u00e0 mesure que la journ\u00e9e s&rsquo;avan\u00e7ait. Les rameurs ont donc parcouru un peu moins de 6000 m au lieu des 8000 m pr\u00e9vus.<\/p>\n<p>C&rsquo;est avec le sourire, et non sans difficult\u00e9, que nos dijonnais ont r\u00e9alis\u00e9 les classements et chronos suivants permettant au club de se montrer sur des championnats de France et de se classer.<br \/>\nBravo \u00e0 eux !<\/p>\n<p>Ci-dessous les r\u00e9sultats :<\/p>\n<p>&#8211; SH4x : 16e en 24&rsquo;48&Prime;595<br \/>\nhttps:\/\/regatta.time-team.nl\/cdfld\/2024\/results\/e08cc3e9f-ed03-4d6e-9ea3-95141b0f1344.php<\/p>\n<p>&#8211; SF2x : 15e en 34&rsquo;47&Prime;370<br \/>\nhttps:\/\/regatta.time-team.nl\/cdfld\/2024\/results\/e69600162-1d9f-4707-b07b-96eb083f75a9.php<\/p>\n<p>&#8211; SH2x : 24e en 22&rsquo;41&Prime;426<br \/>\nhttps:\/\/regatta.time-team.nl\/cdfld\/2024\/results\/efdfb4876-3455-4ef2-bad8-9efb990a9a27.php<\/p>\n<p>C&rsquo;est ainsi que se termine la premi\u00e8re partie de saison pour nos rameurs comp\u00e9titeurs. Place \u00e0 la pr\u00e9paration des sprints sur 500 m et des master sur 1000 m.<\/p>\n<p>Prochain rendez-vous sur l&rsquo;eau en mai avec la 3e \u00e9dition des r\u00e9gates de Vichy (sous le soleil ?).[\/vc_column_text][\/vc_column][\/vc_row][vc_row][vc_column width=\u00a0\u00bb1\/2&Prime;][vc_single_image image=\u00a0\u00bb18019&Prime; img_size=\u00a0\u00bblarge\u00a0\u00bb][\/vc_column][vc_column width=\u00a0\u00bb1\/2&Prime;][vc_single_image image=\u00a0\u00bb18022&Prime; img_size=\u00a0\u00bblarge\u00a0\u00bb][\/vc_column][\/vc_row][vc_row][vc_column width=\u00a0\u00bb1\/3&Prime;][vc_single_image image=\u00a0\u00bb18018&Prime; img_size=\u00a0\u00bblarge\u00a0\u00bb][\/vc_column][vc_column width=\u00a0\u00bb1\/3&Prime;][vc_single_image image=\u00a0\u00bb18021&Prime; img_size=\u00a0\u00bblarge\u00a0\u00bb][\/vc_column][vc_column width=\u00a0\u00bb1\/3&Prime;][vc_single_image image=\u00a0\u00bb18020&Prime; img_size=\u00a0\u00bblarge\u00a0\u00bb][\/vc_column][\/vc_row]<\/p>\n<\/div>","protected":false},"excerpt":{"rendered":"<p>[vc_row][vc_column][vc_separator color=\u00a0\u00bbwhite\u00a0\u00bb border_width=\u00a0\u00bb6&Prime; el_width=\u00a0\u00bb70&Prime;][vc_separator style=\u00a0\u00bbshadow\u00a0\u00bb border_width=\u00a0\u00bb7&Prime; el_width=\u00a0\u00bb70&Prime;][\/vc_column][\/vc_row][vc_row][vc_column][vc_column_text]Les 03 et 04 mars 2024 se sont d\u00e9roul\u00e9s les championnats de France d&rsquo;aviron longue distance. C&rsquo;est \u00e0 dire un parcours contre la montre sur 8000 m, avec des d\u00e9parts \u00e0 la file indienne toutes les 15 secondes. Nos comp\u00e9titeurs se sont pr\u00e9sent\u00e9s au rendez-vous dans les cat\u00e9gories suivantes&hellip;<\/p>\n","protected":false},"author":1,"featured_media":18016,"comment_status":"closed","ping_status":"open","sticky":false,"template":"","format":"standard","meta":{"footnotes":""},"categories":[68],"tags":[],"class_list":["post-18013","post","type-post","status-publish","format-standard","has-post-thumbnail","hentry","category-competition","category-68","description-off"],"yoast_head":"<!-- This site is optimized with the Yoast SEO plugin v26.9 - https:\/\/yoast.com\/product\/yoast-seo-wordpress\/ -->\n<title>Championnats de France - Aviron Dijonnais<\/title>\n<meta name=\"robots\" content=\"index, follow, max-snippet:-1, max-image-preview:large, max-video-preview:-1\" \/>\n<link rel=\"canonical\" href=\"https:\/\/avirondijonnais.com\/index.php\/2024\/03\/23\/championnats-de-france-2\/\" \/>\n<meta property=\"og:locale\" content=\"fr_FR\" \/>\n<meta property=\"og:type\" content=\"article\" \/>\n<meta property=\"og:title\" content=\"Championnats de France - Aviron Dijonnais\" \/>\n<meta property=\"og:description\" content=\"[vc_row][vc_column][vc_separator color=\u00a0\u00bbwhite\u00a0\u00bb border_width=\u00a0\u00bb6&Prime; el_width=\u00a0\u00bb70&Prime;][vc_separator style=\u00a0\u00bbshadow\u00a0\u00bb border_width=\u00a0\u00bb7&Prime; el_width=\u00a0\u00bb70&Prime;][\/vc_column][\/vc_row][vc_row][vc_column][vc_column_text]Les 03 et 04 mars 2024 se sont d\u00e9roul\u00e9s les championnats de France d&rsquo;aviron longue distance. C&rsquo;est \u00e0 dire un parcours contre la montre sur 8000 m, avec des d\u00e9parts \u00e0 la file indienne toutes les 15 secondes. Nos comp\u00e9titeurs se sont pr\u00e9sent\u00e9s au rendez-vous dans les cat\u00e9gories suivantes&hellip;\" \/>\n<meta property=\"og:url\" content=\"https:\/\/avirondijonnais.com\/index.php\/2024\/03\/23\/championnats-de-france-2\/\" \/>\n<meta property=\"og:site_name\" content=\"Aviron Dijonnais\" \/>\n<meta property=\"article:published_time\" content=\"2024-03-23T16:33:01+00:00\" \/>\n<meta property=\"article:modified_time\" content=\"2024-03-23T16:40:25+00:00\" \/>\n<meta property=\"og:image\" content=\"https:\/\/avirondijonnais.com\/wp-content\/uploads\/2024\/03\/2024_ch_france_LD_01.jpg\" \/>\n\t<meta property=\"og:image:width\" content=\"1080\" \/>\n\t<meta property=\"og:image:height\" content=\"718\" \/>\n\t<meta property=\"og:image:type\" content=\"image\/jpeg\" \/>\n<meta name=\"author\" content=\"Olivier\" \/>\n<meta name=\"twitter:card\" content=\"summary_large_image\" \/>\n<meta name=\"twitter:label1\" content=\"\u00c9crit par\" \/>\n\t<meta name=\"twitter:data1\" content=\"Olivier\" \/>\n\t<meta name=\"twitter:label2\" content=\"Dur\u00e9e de lecture estim\u00e9e\" \/>\n\t<meta name=\"twitter:data2\" content=\"2 minutes\" \/>\n<script type=\"application\/ld+json\" class=\"yoast-schema-graph\">{\"@context\":\"https:\/\/schema.org\",\"@graph\":[{\"@type\":\"Article\",\"@id\":\"https:\/\/avirondijonnais.com\/index.php\/2024\/03\/23\/championnats-de-france-2\/#article\",\"isPartOf\":{\"@id\":\"https:\/\/avirondijonnais.com\/index.php\/2024\/03\/23\/championnats-de-france-2\/\"},\"author\":{\"name\":\"Olivier\",\"@id\":\"http:\/\/avirondijonnais.com\/#\/schema\/person\/d0fe4ec1a371a0daf8553ff349ecd8af\"},\"headline\":\"Championnats de France\",\"datePublished\":\"2024-03-23T16:33:01+00:00\",\"dateModified\":\"2024-03-23T16:40:25+00:00\",\"mainEntityOfPage\":{\"@id\":\"https:\/\/avirondijonnais.com\/index.php\/2024\/03\/23\/championnats-de-france-2\/\"},\"wordCount\":486,\"image\":{\"@id\":\"https:\/\/avirondijonnais.com\/index.php\/2024\/03\/23\/championnats-de-france-2\/#primaryimage\"},\"thumbnailUrl\":\"https:\/\/avirondijonnais.com\/wp-content\/uploads\/2024\/03\/2024_ch_france_LD_01.jpg\",\"articleSection\":[\"Comp\u00e9tition\"],\"inLanguage\":\"fr-FR\"},{\"@type\":\"WebPage\",\"@id\":\"https:\/\/avirondijonnais.com\/index.php\/2024\/03\/23\/championnats-de-france-2\/\",\"url\":\"https:\/\/avirondijonnais.com\/index.php\/2024\/03\/23\/championnats-de-france-2\/\",\"name\":\"Championnats de France - Aviron Dijonnais\",\"isPartOf\":{\"@id\":\"http:\/\/avirondijonnais.com\/#website\"},\"primaryImageOfPage\":{\"@id\":\"https:\/\/avirondijonnais.com\/index.php\/2024\/03\/23\/championnats-de-france-2\/#primaryimage\"},\"image\":{\"@id\":\"https:\/\/avirondijonnais.com\/index.php\/2024\/03\/23\/championnats-de-france-2\/#primaryimage\"},\"thumbnailUrl\":\"https:\/\/avirondijonnais.com\/wp-content\/uploads\/2024\/03\/2024_ch_france_LD_01.jpg\",\"datePublished\":\"2024-03-23T16:33:01+00:00\",\"dateModified\":\"2024-03-23T16:40:25+00:00\",\"author\":{\"@id\":\"http:\/\/avirondijonnais.com\/#\/schema\/person\/d0fe4ec1a371a0daf8553ff349ecd8af\"},\"breadcrumb\":{\"@id\":\"https:\/\/avirondijonnais.com\/index.php\/2024\/03\/23\/championnats-de-france-2\/#breadcrumb\"},\"inLanguage\":\"fr-FR\",\"potentialAction\":[{\"@type\":\"ReadAction\",\"target\":[\"https:\/\/avirondijonnais.com\/index.php\/2024\/03\/23\/championnats-de-france-2\/\"]}]},{\"@type\":\"ImageObject\",\"inLanguage\":\"fr-FR\",\"@id\":\"https:\/\/avirondijonnais.com\/index.php\/2024\/03\/23\/championnats-de-france-2\/#primaryimage\",\"url\":\"https:\/\/avirondijonnais.com\/wp-content\/uploads\/2024\/03\/2024_ch_france_LD_01.jpg\",\"contentUrl\":\"https:\/\/avirondijonnais.com\/wp-content\/uploads\/2024\/03\/2024_ch_france_LD_01.jpg\",\"width\":1080,\"height\":718},{\"@type\":\"BreadcrumbList\",\"@id\":\"https:\/\/avirondijonnais.com\/index.php\/2024\/03\/23\/championnats-de-france-2\/#breadcrumb\",\"itemListElement\":[{\"@type\":\"ListItem\",\"position\":1,\"name\":\"Accueil\",\"item\":\"http:\/\/avirondijonnais.com\/\"},{\"@type\":\"ListItem\",\"position\":2,\"name\":\"Championnats de France\"}]},{\"@type\":\"WebSite\",\"@id\":\"http:\/\/avirondijonnais.com\/#website\",\"url\":\"http:\/\/avirondijonnais.com\/\",\"name\":\"Aviron Dijonnais\",\"description\":\"L&#039;aviron loisirs, pour les jeunes, pour tous \u00e0 Dijon sur le lac kir \u00e0 la base nautique\",\"potentialAction\":[{\"@type\":\"SearchAction\",\"target\":{\"@type\":\"EntryPoint\",\"urlTemplate\":\"http:\/\/avirondijonnais.com\/?s={search_term_string}\"},\"query-input\":{\"@type\":\"PropertyValueSpecification\",\"valueRequired\":true,\"valueName\":\"search_term_string\"}}],\"inLanguage\":\"fr-FR\"},{\"@type\":\"Person\",\"@id\":\"http:\/\/avirondijonnais.com\/#\/schema\/person\/d0fe4ec1a371a0daf8553ff349ecd8af\",\"name\":\"Olivier\",\"image\":{\"@type\":\"ImageObject\",\"inLanguage\":\"fr-FR\",\"@id\":\"http:\/\/avirondijonnais.com\/#\/schema\/person\/image\/\",\"url\":\"https:\/\/secure.gravatar.com\/avatar\/27aada894a71d218086094930177a87a517af62dff08b92d2095199c58ab740b?s=96&d=mm&r=g\",\"contentUrl\":\"https:\/\/secure.gravatar.com\/avatar\/27aada894a71d218086094930177a87a517af62dff08b92d2095199c58ab740b?s=96&d=mm&r=g\",\"caption\":\"Olivier\"},\"url\":\"https:\/\/avirondijonnais.com\/index.php\/author\/admin9698\/\"}]}<\/script>\n<!-- \/ Yoast SEO plugin. -->","yoast_head_json":{"title":"Championnats de France - Aviron Dijonnais","robots":{"index":"index","follow":"follow","max-snippet":"max-snippet:-1","max-image-preview":"max-image-preview:large","max-video-preview":"max-video-preview:-1"},"canonical":"https:\/\/avirondijonnais.com\/index.php\/2024\/03\/23\/championnats-de-france-2\/","og_locale":"fr_FR","og_type":"article","og_title":"Championnats de France - Aviron Dijonnais","og_description":"[vc_row][vc_column][vc_separator color=\u00a0\u00bbwhite\u00a0\u00bb border_width=\u00a0\u00bb6&Prime; el_width=\u00a0\u00bb70&Prime;][vc_separator style=\u00a0\u00bbshadow\u00a0\u00bb border_width=\u00a0\u00bb7&Prime; el_width=\u00a0\u00bb70&Prime;][\/vc_column][\/vc_row][vc_row][vc_column][vc_column_text]Les 03 et 04 mars 2024 se sont d\u00e9roul\u00e9s les championnats de France d&rsquo;aviron longue distance. C&rsquo;est \u00e0 dire un parcours contre la montre sur 8000 m, avec des d\u00e9parts \u00e0 la file indienne toutes les 15 secondes. Nos comp\u00e9titeurs se sont pr\u00e9sent\u00e9s au rendez-vous dans les cat\u00e9gories suivantes&hellip;","og_url":"https:\/\/avirondijonnais.com\/index.php\/2024\/03\/23\/championnats-de-france-2\/","og_site_name":"Aviron Dijonnais","article_published_time":"2024-03-23T16:33:01+00:00","article_modified_time":"2024-03-23T16:40:25+00:00","og_image":[{"width":1080,"height":718,"url":"https:\/\/avirondijonnais.com\/wp-content\/uploads\/2024\/03\/2024_ch_france_LD_01.jpg","type":"image\/jpeg"}],"author":"Olivier","twitter_card":"summary_large_image","twitter_misc":{"\u00c9crit par":"Olivier","Dur\u00e9e de lecture estim\u00e9e":"2 minutes"},"schema":{"@context":"https:\/\/schema.org","@graph":[{"@type":"Article","@id":"https:\/\/avirondijonnais.com\/index.php\/2024\/03\/23\/championnats-de-france-2\/#article","isPartOf":{"@id":"https:\/\/avirondijonnais.com\/index.php\/2024\/03\/23\/championnats-de-france-2\/"},"author":{"name":"Olivier","@id":"http:\/\/avirondijonnais.com\/#\/schema\/person\/d0fe4ec1a371a0daf8553ff349ecd8af"},"headline":"Championnats de France","datePublished":"2024-03-23T16:33:01+00:00","dateModified":"2024-03-23T16:40:25+00:00","mainEntityOfPage":{"@id":"https:\/\/avirondijonnais.com\/index.php\/2024\/03\/23\/championnats-de-france-2\/"},"wordCount":486,"image":{"@id":"https:\/\/avirondijonnais.com\/index.php\/2024\/03\/23\/championnats-de-france-2\/#primaryimage"},"thumbnailUrl":"https:\/\/avirondijonnais.com\/wp-content\/uploads\/2024\/03\/2024_ch_france_LD_01.jpg","articleSection":["Comp\u00e9tition"],"inLanguage":"fr-FR"},{"@type":"WebPage","@id":"https:\/\/avirondijonnais.com\/index.php\/2024\/03\/23\/championnats-de-france-2\/","url":"https:\/\/avirondijonnais.com\/index.php\/2024\/03\/23\/championnats-de-france-2\/","name":"Championnats de France - Aviron Dijonnais","isPartOf":{"@id":"http:\/\/avirondijonnais.com\/#website"},"primaryImageOfPage":{"@id":"https:\/\/avirondijonnais.com\/index.php\/2024\/03\/23\/championnats-de-france-2\/#primaryimage"},"image":{"@id":"https:\/\/avirondijonnais.com\/index.php\/2024\/03\/23\/championnats-de-france-2\/#primaryimage"},"thumbnailUrl":"https:\/\/avirondijonnais.com\/wp-content\/uploads\/2024\/03\/2024_ch_france_LD_01.jpg","datePublished":"2024-03-23T16:33:01+00:00","dateModified":"2024-03-23T16:40:25+00:00","author":{"@id":"http:\/\/avirondijonnais.com\/#\/schema\/person\/d0fe4ec1a371a0daf8553ff349ecd8af"},"breadcrumb":{"@id":"https:\/\/avirondijonnais.com\/index.php\/2024\/03\/23\/championnats-de-france-2\/#breadcrumb"},"inLanguage":"fr-FR","potentialAction":[{"@type":"ReadAction","target":["https:\/\/avirondijonnais.com\/index.php\/2024\/03\/23\/championnats-de-france-2\/"]}]},{"@type":"ImageObject","inLanguage":"fr-FR","@id":"https:\/\/avirondijonnais.com\/index.php\/2024\/03\/23\/championnats-de-france-2\/#primaryimage","url":"https:\/\/avirondijonnais.com\/wp-content\/uploads\/2024\/03\/2024_ch_france_LD_01.jpg","contentUrl":"https:\/\/avirondijonnais.com\/wp-content\/uploads\/2024\/03\/2024_ch_france_LD_01.jpg","width":1080,"height":718},{"@type":"BreadcrumbList","@id":"https:\/\/avirondijonnais.com\/index.php\/2024\/03\/23\/championnats-de-france-2\/#breadcrumb","itemListElement":[{"@type":"ListItem","position":1,"name":"Accueil","item":"http:\/\/avirondijonnais.com\/"},{"@type":"ListItem","position":2,"name":"Championnats de France"}]},{"@type":"WebSite","@id":"http:\/\/avirondijonnais.com\/#website","url":"http:\/\/avirondijonnais.com\/","name":"Aviron Dijonnais","description":"L&#039;aviron loisirs, pour les jeunes, pour tous \u00e0 Dijon sur le lac kir \u00e0 la base nautique","potentialAction":[{"@type":"SearchAction","target":{"@type":"EntryPoint","urlTemplate":"http:\/\/avirondijonnais.com\/?s={search_term_string}"},"query-input":{"@type":"PropertyValueSpecification","valueRequired":true,"valueName":"search_term_string"}}],"inLanguage":"fr-FR"},{"@type":"Person","@id":"http:\/\/avirondijonnais.com\/#\/schema\/person\/d0fe4ec1a371a0daf8553ff349ecd8af","name":"Olivier","image":{"@type":"ImageObject","inLanguage":"fr-FR","@id":"http:\/\/avirondijonnais.com\/#\/schema\/person\/image\/","url":"https:\/\/secure.gravatar.com\/avatar\/27aada894a71d218086094930177a87a517af62dff08b92d2095199c58ab740b?s=96&d=mm&r=g","contentUrl":"https:\/\/secure.gravatar.com\/avatar\/27aada894a71d218086094930177a87a517af62dff08b92d2095199c58ab740b?s=96&d=mm&r=g","caption":"Olivier"},"url":"https:\/\/avirondijonnais.com\/index.php\/author\/admin9698\/"}]}},"_links":{"self":[{"href":"https:\/\/avirondijonnais.com\/index.php\/wp-json\/wp\/v2\/posts\/18013","targetHints":{"allow":["GET"]}}],"collection":[{"href":"https:\/\/avirondijonnais.com\/index.php\/wp-json\/wp\/v2\/posts"}],"about":[{"href":"https:\/\/avirondijonnais.com\/index.php\/wp-json\/wp\/v2\/types\/post"}],"author":[{"embeddable":true,"href":"https:\/\/avirondijonnais.com\/index.php\/wp-json\/wp\/v2\/users\/1"}],"replies":[{"embeddable":true,"href":"https:\/\/avirondijonnais.com\/index.php\/wp-json\/wp\/v2\/comments?post=18013"}],"version-history":[{"count":6,"href":"https:\/\/avirondijonnais.com\/index.php\/wp-json\/wp\/v2\/posts\/18013\/revisions"}],"predecessor-version":[{"id":18026,"href":"https:\/\/avirondijonnais.com\/index.php\/wp-json\/wp\/v2\/posts\/18013\/revisions\/18026"}],"wp:featuredmedia":[{"embeddable":true,"href":"https:\/\/avirondijonnais.com\/index.php\/wp-json\/wp\/v2\/media\/18016"}],"wp:attachment":[{"href":"https:\/\/avirondijonnais.com\/index.php\/wp-json\/wp\/v2\/media?parent=18013"}],"wp:term":[{"taxonomy":"category","embeddable":true,"href":"https:\/\/avirondijonnais.com\/index.php\/wp-json\/wp\/v2\/categories?post=18013"},{"taxonomy":"post_tag","embeddable":true,"href":"https:\/\/avirondijonnais.com\/index.php\/wp-json\/wp\/v2\/tags?post=18013"}],"curies":[{"name":"wp","href":"https:\/\/api.w.org\/{rel}","templated":true}]}}