{"id":18262,"date":"2025-09-11T20:45:46","date_gmt":"2025-09-11T18:45:46","guid":{"rendered":"https:\/\/avirondijonnais.com\/?p=18262"},"modified":"2025-09-11T20:48:30","modified_gmt":"2025-09-11T18:48:30","slug":"portes-ouvertes","status":"publish","type":"post","link":"https:\/\/avirondijonnais.com\/index.php\/2025\/09\/11\/portes-ouvertes\/","title":{"rendered":"Portes ouvertes"},"content":{"rendered":"<div class=\"wpb-content-wrapper\"><p>[vc_row][vc_column]<div class=\"dt-fancy-separator h1-size\" style=\"width: 80%;\"><div class=\"dt-fancy-title\" style=\"color: #0552d2;\"><span class=\"separator-holder separator-left\"><\/span>F\u00eate du sport<span class=\"separator-holder separator-right\"><\/span><\/div><\/div>[vc_separator color=\u00a0\u00bbwhite\u00a0\u00bb border_width=\u00a0\u00bb6&Prime; el_width=\u00a0\u00bb70&Prime;][vc_separator style=\u00a0\u00bbshadow\u00a0\u00bb border_width=\u00a0\u00bb7&Prime; el_width=\u00a0\u00bb70&Prime;][\/vc_column][\/vc_row][vc_row][vc_column][vc_column_text]<strong>F\u00eate du sport &#8211; Samedi 13 septembre 2025<\/strong><\/p>\n<p>Initiations gratuites et sans inscription pr\u00e9alable de 10h \u00e0 12h30 et de 14h \u00e0 17h<\/p>\n<p>Rendez-vous devant les hangars \u00e0 bateaux \u00e0 la base nautique du lac Kir[\/vc_column_text][\/vc_column][\/vc_row][vc_row][vc_column][vc_single_image image=\u00a0\u00bb18265&Prime; img_size=\u00a0\u00bblarge\u00a0\u00bb alignment=\u00a0\u00bbcenter\u00a0\u00bb style=\u00a0\u00bbvc_box_shadow\u00a0\u00bb][\/vc_column][\/vc_row]<\/p>\n<\/div>","protected":false},"excerpt":{"rendered":"<p>[vc_row][vc_column][vc_separator color=\u00a0\u00bbwhite\u00a0\u00bb border_width=\u00a0\u00bb6&Prime; el_width=\u00a0\u00bb70&Prime;][vc_separator style=\u00a0\u00bbshadow\u00a0\u00bb border_width=\u00a0\u00bb7&Prime; el_width=\u00a0\u00bb70&Prime;][\/vc_column][\/vc_row][vc_row][vc_column][vc_column_text]F\u00eate du sport &#8211; Samedi 13 septembre 2025 Initiations gratuites et sans inscription pr\u00e9alable de 10h \u00e0 12h30 et de 14h \u00e0 17h Rendez-vous devant les hangars \u00e0 bateaux \u00e0 la base nautique du lac Kir[\/vc_column_text][\/vc_column][\/vc_row][vc_row][vc_column][vc_single_image image=\u00a0\u00bb18265&Prime; img_size=\u00a0\u00bblarge\u00a0\u00bb alignment=\u00a0\u00bbcenter\u00a0\u00bb style=\u00a0\u00bbvc_box_shadow\u00a0\u00bb][\/vc_column][\/vc_row]<\/p>\n","protected":false},"author":1,"featured_media":18271,"comment_status":"closed","ping_status":"open","sticky":false,"template":"","format":"standard","meta":{"footnotes":""},"categories":[34],"tags":[],"class_list":["post-18262","post","type-post","status-publish","format-standard","has-post-thumbnail","hentry","category-laviron","category-34","description-off"],"yoast_head":"<!-- This site is optimized with the Yoast SEO plugin v26.9 - https:\/\/yoast.com\/product\/yoast-seo-wordpress\/ -->\n<title>Portes ouvertes - Aviron Dijonnais<\/title>\n<meta name=\"robots\" content=\"index, follow, max-snippet:-1, max-image-preview:large, max-video-preview:-1\" \/>\n<link rel=\"canonical\" href=\"http:\/\/avirondijonnais.com\/index.php\/2025\/09\/11\/portes-ouvertes\/\" \/>\n<meta property=\"og:locale\" content=\"fr_FR\" \/>\n<meta property=\"og:type\" content=\"article\" \/>\n<meta property=\"og:title\" content=\"Portes ouvertes - Aviron Dijonnais\" \/>\n<meta property=\"og:description\" content=\"[vc_row][vc_column][vc_separator color=\u00a0\u00bbwhite\u00a0\u00bb border_width=\u00a0\u00bb6&Prime; el_width=\u00a0\u00bb70&Prime;][vc_separator style=\u00a0\u00bbshadow\u00a0\u00bb border_width=\u00a0\u00bb7&Prime; el_width=\u00a0\u00bb70&Prime;][\/vc_column][\/vc_row][vc_row][vc_column][vc_column_text]F\u00eate du sport &#8211; Samedi 13 septembre 2025 Initiations gratuites et sans inscription pr\u00e9alable de 10h \u00e0 12h30 et de 14h \u00e0 17h Rendez-vous devant les hangars \u00e0 bateaux \u00e0 la base nautique du lac Kir[\/vc_column_text][\/vc_column][\/vc_row][vc_row][vc_column][vc_single_image image=\u00a0\u00bb18265&Prime; img_size=\u00a0\u00bblarge\u00a0\u00bb alignment=\u00a0\u00bbcenter\u00a0\u00bb style=\u00a0\u00bbvc_box_shadow\u00a0\u00bb][\/vc_column][\/vc_row]\" \/>\n<meta property=\"og:url\" content=\"http:\/\/avirondijonnais.com\/index.php\/2025\/09\/11\/portes-ouvertes\/\" \/>\n<meta property=\"og:site_name\" content=\"Aviron Dijonnais\" \/>\n<meta property=\"article:published_time\" content=\"2025-09-11T18:45:46+00:00\" \/>\n<meta property=\"article:modified_time\" content=\"2025-09-11T18:48:30+00:00\" \/>\n<meta property=\"og:image\" content=\"http:\/\/avirondijonnais.com\/wp-content\/uploads\/2025\/09\/visuel-fete-sport.png\" \/>\n\t<meta property=\"og:image:width\" content=\"1080\" \/>\n\t<meta property=\"og:image:height\" content=\"604\" \/>\n\t<meta property=\"og:image:type\" content=\"image\/png\" \/>\n<meta name=\"author\" content=\"Olivier\" \/>\n<meta name=\"twitter:card\" content=\"summary_large_image\" \/>\n<meta name=\"twitter:label1\" content=\"\u00c9crit par\" \/>\n\t<meta name=\"twitter:data1\" content=\"Olivier\" \/>\n\t<meta name=\"twitter:label2\" content=\"Dur\u00e9e de lecture estim\u00e9e\" \/>\n\t<meta name=\"twitter:data2\" content=\"1 minute\" \/>\n<script type=\"application\/ld+json\" class=\"yoast-schema-graph\">{\"@context\":\"https:\/\/schema.org\",\"@graph\":[{\"@type\":\"Article\",\"@id\":\"http:\/\/avirondijonnais.com\/index.php\/2025\/09\/11\/portes-ouvertes\/#article\",\"isPartOf\":{\"@id\":\"http:\/\/avirondijonnais.com\/index.php\/2025\/09\/11\/portes-ouvertes\/\"},\"author\":{\"name\":\"Olivier\",\"@id\":\"http:\/\/avirondijonnais.com\/#\/schema\/person\/d0fe4ec1a371a0daf8553ff349ecd8af\"},\"headline\":\"Portes ouvertes\",\"datePublished\":\"2025-09-11T18:45:46+00:00\",\"dateModified\":\"2025-09-11T18:48:30+00:00\",\"mainEntityOfPage\":{\"@id\":\"http:\/\/avirondijonnais.com\/index.php\/2025\/09\/11\/portes-ouvertes\/\"},\"wordCount\":113,\"image\":{\"@id\":\"http:\/\/avirondijonnais.com\/index.php\/2025\/09\/11\/portes-ouvertes\/#primaryimage\"},\"thumbnailUrl\":\"https:\/\/avirondijonnais.com\/wp-content\/uploads\/2025\/09\/visuel-fete-sport.png\",\"articleSection\":[\"La vie du club\"],\"inLanguage\":\"fr-FR\"},{\"@type\":\"WebPage\",\"@id\":\"http:\/\/avirondijonnais.com\/index.php\/2025\/09\/11\/portes-ouvertes\/\",\"url\":\"http:\/\/avirondijonnais.com\/index.php\/2025\/09\/11\/portes-ouvertes\/\",\"name\":\"Portes ouvertes - Aviron Dijonnais\",\"isPartOf\":{\"@id\":\"http:\/\/avirondijonnais.com\/#website\"},\"primaryImageOfPage\":{\"@id\":\"http:\/\/avirondijonnais.com\/index.php\/2025\/09\/11\/portes-ouvertes\/#primaryimage\"},\"image\":{\"@id\":\"http:\/\/avirondijonnais.com\/index.php\/2025\/09\/11\/portes-ouvertes\/#primaryimage\"},\"thumbnailUrl\":\"https:\/\/avirondijonnais.com\/wp-content\/uploads\/2025\/09\/visuel-fete-sport.png\",\"datePublished\":\"2025-09-11T18:45:46+00:00\",\"dateModified\":\"2025-09-11T18:48:30+00:00\",\"author\":{\"@id\":\"http:\/\/avirondijonnais.com\/#\/schema\/person\/d0fe4ec1a371a0daf8553ff349ecd8af\"},\"breadcrumb\":{\"@id\":\"http:\/\/avirondijonnais.com\/index.php\/2025\/09\/11\/portes-ouvertes\/#breadcrumb\"},\"inLanguage\":\"fr-FR\",\"potentialAction\":[{\"@type\":\"ReadAction\",\"target\":[\"http:\/\/avirondijonnais.com\/index.php\/2025\/09\/11\/portes-ouvertes\/\"]}]},{\"@type\":\"ImageObject\",\"inLanguage\":\"fr-FR\",\"@id\":\"http:\/\/avirondijonnais.com\/index.php\/2025\/09\/11\/portes-ouvertes\/#primaryimage\",\"url\":\"https:\/\/avirondijonnais.com\/wp-content\/uploads\/2025\/09\/visuel-fete-sport.png\",\"contentUrl\":\"https:\/\/avirondijonnais.com\/wp-content\/uploads\/2025\/09\/visuel-fete-sport.png\",\"width\":1080,\"height\":604},{\"@type\":\"BreadcrumbList\",\"@id\":\"http:\/\/avirondijonnais.com\/index.php\/2025\/09\/11\/portes-ouvertes\/#breadcrumb\",\"itemListElement\":[{\"@type\":\"ListItem\",\"position\":1,\"name\":\"Accueil\",\"item\":\"http:\/\/avirondijonnais.com\/\"},{\"@type\":\"ListItem\",\"position\":2,\"name\":\"Portes ouvertes\"}]},{\"@type\":\"WebSite\",\"@id\":\"http:\/\/avirondijonnais.com\/#website\",\"url\":\"http:\/\/avirondijonnais.com\/\",\"name\":\"Aviron Dijonnais\",\"description\":\"L&#039;aviron loisirs, pour les jeunes, pour tous \u00e0 Dijon sur le lac kir \u00e0 la base nautique\",\"potentialAction\":[{\"@type\":\"SearchAction\",\"target\":{\"@type\":\"EntryPoint\",\"urlTemplate\":\"http:\/\/avirondijonnais.com\/?s={search_term_string}\"},\"query-input\":{\"@type\":\"PropertyValueSpecification\",\"valueRequired\":true,\"valueName\":\"search_term_string\"}}],\"inLanguage\":\"fr-FR\"},{\"@type\":\"Person\",\"@id\":\"http:\/\/avirondijonnais.com\/#\/schema\/person\/d0fe4ec1a371a0daf8553ff349ecd8af\",\"name\":\"Olivier\",\"image\":{\"@type\":\"ImageObject\",\"inLanguage\":\"fr-FR\",\"@id\":\"http:\/\/avirondijonnais.com\/#\/schema\/person\/image\/\",\"url\":\"https:\/\/secure.gravatar.com\/avatar\/27aada894a71d218086094930177a87a517af62dff08b92d2095199c58ab740b?s=96&d=mm&r=g\",\"contentUrl\":\"https:\/\/secure.gravatar.com\/avatar\/27aada894a71d218086094930177a87a517af62dff08b92d2095199c58ab740b?s=96&d=mm&r=g\",\"caption\":\"Olivier\"},\"url\":\"https:\/\/avirondijonnais.com\/index.php\/author\/admin9698\/\"}]}<\/script>\n<!-- \/ Yoast SEO plugin. -->","yoast_head_json":{"title":"Portes ouvertes - Aviron Dijonnais","robots":{"index":"index","follow":"follow","max-snippet":"max-snippet:-1","max-image-preview":"max-image-preview:large","max-video-preview":"max-video-preview:-1"},"canonical":"http:\/\/avirondijonnais.com\/index.php\/2025\/09\/11\/portes-ouvertes\/","og_locale":"fr_FR","og_type":"article","og_title":"Portes ouvertes - Aviron Dijonnais","og_description":"[vc_row][vc_column][vc_separator color=\u00a0\u00bbwhite\u00a0\u00bb border_width=\u00a0\u00bb6&Prime; el_width=\u00a0\u00bb70&Prime;][vc_separator style=\u00a0\u00bbshadow\u00a0\u00bb border_width=\u00a0\u00bb7&Prime; el_width=\u00a0\u00bb70&Prime;][\/vc_column][\/vc_row][vc_row][vc_column][vc_column_text]F\u00eate du sport &#8211; Samedi 13 septembre 2025 Initiations gratuites et sans inscription pr\u00e9alable de 10h \u00e0 12h30 et de 14h \u00e0 17h Rendez-vous devant les hangars \u00e0 bateaux \u00e0 la base nautique du lac Kir[\/vc_column_text][\/vc_column][\/vc_row][vc_row][vc_column][vc_single_image image=\u00a0\u00bb18265&Prime; img_size=\u00a0\u00bblarge\u00a0\u00bb alignment=\u00a0\u00bbcenter\u00a0\u00bb style=\u00a0\u00bbvc_box_shadow\u00a0\u00bb][\/vc_column][\/vc_row]","og_url":"http:\/\/avirondijonnais.com\/index.php\/2025\/09\/11\/portes-ouvertes\/","og_site_name":"Aviron Dijonnais","article_published_time":"2025-09-11T18:45:46+00:00","article_modified_time":"2025-09-11T18:48:30+00:00","og_image":[{"width":1080,"height":604,"url":"http:\/\/avirondijonnais.com\/wp-content\/uploads\/2025\/09\/visuel-fete-sport.png","type":"image\/png"}],"author":"Olivier","twitter_card":"summary_large_image","twitter_misc":{"\u00c9crit par":"Olivier","Dur\u00e9e de lecture estim\u00e9e":"1 minute"},"schema":{"@context":"https:\/\/schema.org","@graph":[{"@type":"Article","@id":"http:\/\/avirondijonnais.com\/index.php\/2025\/09\/11\/portes-ouvertes\/#article","isPartOf":{"@id":"http:\/\/avirondijonnais.com\/index.php\/2025\/09\/11\/portes-ouvertes\/"},"author":{"name":"Olivier","@id":"http:\/\/avirondijonnais.com\/#\/schema\/person\/d0fe4ec1a371a0daf8553ff349ecd8af"},"headline":"Portes ouvertes","datePublished":"2025-09-11T18:45:46+00:00","dateModified":"2025-09-11T18:48:30+00:00","mainEntityOfPage":{"@id":"http:\/\/avirondijonnais.com\/index.php\/2025\/09\/11\/portes-ouvertes\/"},"wordCount":113,"image":{"@id":"http:\/\/avirondijonnais.com\/index.php\/2025\/09\/11\/portes-ouvertes\/#primaryimage"},"thumbnailUrl":"https:\/\/avirondijonnais.com\/wp-content\/uploads\/2025\/09\/visuel-fete-sport.png","articleSection":["La vie du club"],"inLanguage":"fr-FR"},{"@type":"WebPage","@id":"http:\/\/avirondijonnais.com\/index.php\/2025\/09\/11\/portes-ouvertes\/","url":"http:\/\/avirondijonnais.com\/index.php\/2025\/09\/11\/portes-ouvertes\/","name":"Portes ouvertes - Aviron Dijonnais","isPartOf":{"@id":"http:\/\/avirondijonnais.com\/#website"},"primaryImageOfPage":{"@id":"http:\/\/avirondijonnais.com\/index.php\/2025\/09\/11\/portes-ouvertes\/#primaryimage"},"image":{"@id":"http:\/\/avirondijonnais.com\/index.php\/2025\/09\/11\/portes-ouvertes\/#primaryimage"},"thumbnailUrl":"https:\/\/avirondijonnais.com\/wp-content\/uploads\/2025\/09\/visuel-fete-sport.png","datePublished":"2025-09-11T18:45:46+00:00","dateModified":"2025-09-11T18:48:30+00:00","author":{"@id":"http:\/\/avirondijonnais.com\/#\/schema\/person\/d0fe4ec1a371a0daf8553ff349ecd8af"},"breadcrumb":{"@id":"http:\/\/avirondijonnais.com\/index.php\/2025\/09\/11\/portes-ouvertes\/#breadcrumb"},"inLanguage":"fr-FR","potentialAction":[{"@type":"ReadAction","target":["http:\/\/avirondijonnais.com\/index.php\/2025\/09\/11\/portes-ouvertes\/"]}]},{"@type":"ImageObject","inLanguage":"fr-FR","@id":"http:\/\/avirondijonnais.com\/index.php\/2025\/09\/11\/portes-ouvertes\/#primaryimage","url":"https:\/\/avirondijonnais.com\/wp-content\/uploads\/2025\/09\/visuel-fete-sport.png","contentUrl":"https:\/\/avirondijonnais.com\/wp-content\/uploads\/2025\/09\/visuel-fete-sport.png","width":1080,"height":604},{"@type":"BreadcrumbList","@id":"http:\/\/avirondijonnais.com\/index.php\/2025\/09\/11\/portes-ouvertes\/#breadcrumb","itemListElement":[{"@type":"ListItem","position":1,"name":"Accueil","item":"http:\/\/avirondijonnais.com\/"},{"@type":"ListItem","position":2,"name":"Portes ouvertes"}]},{"@type":"WebSite","@id":"http:\/\/avirondijonnais.com\/#website","url":"http:\/\/avirondijonnais.com\/","name":"Aviron Dijonnais","description":"L&#039;aviron loisirs, pour les jeunes, pour tous \u00e0 Dijon sur le lac kir \u00e0 la base nautique","potentialAction":[{"@type":"SearchAction","target":{"@type":"EntryPoint","urlTemplate":"http:\/\/avirondijonnais.com\/?s={search_term_string}"},"query-input":{"@type":"PropertyValueSpecification","valueRequired":true,"valueName":"search_term_string"}}],"inLanguage":"fr-FR"},{"@type":"Person","@id":"http:\/\/avirondijonnais.com\/#\/schema\/person\/d0fe4ec1a371a0daf8553ff349ecd8af","name":"Olivier","image":{"@type":"ImageObject","inLanguage":"fr-FR","@id":"http:\/\/avirondijonnais.com\/#\/schema\/person\/image\/","url":"https:\/\/secure.gravatar.com\/avatar\/27aada894a71d218086094930177a87a517af62dff08b92d2095199c58ab740b?s=96&d=mm&r=g","contentUrl":"https:\/\/secure.gravatar.com\/avatar\/27aada894a71d218086094930177a87a517af62dff08b92d2095199c58ab740b?s=96&d=mm&r=g","caption":"Olivier"},"url":"https:\/\/avirondijonnais.com\/index.php\/author\/admin9698\/"}]}},"_links":{"self":[{"href":"https:\/\/avirondijonnais.com\/index.php\/wp-json\/wp\/v2\/posts\/18262","targetHints":{"allow":["GET"]}}],"collection":[{"href":"https:\/\/avirondijonnais.com\/index.php\/wp-json\/wp\/v2\/posts"}],"about":[{"href":"https:\/\/avirondijonnais.com\/index.php\/wp-json\/wp\/v2\/types\/post"}],"author":[{"embeddable":true,"href":"https:\/\/avirondijonnais.com\/index.php\/wp-json\/wp\/v2\/users\/1"}],"replies":[{"embeddable":true,"href":"https:\/\/avirondijonnais.com\/index.php\/wp-json\/wp\/v2\/comments?post=18262"}],"version-history":[{"count":8,"href":"https:\/\/avirondijonnais.com\/index.php\/wp-json\/wp\/v2\/posts\/18262\/revisions"}],"predecessor-version":[{"id":18272,"href":"https:\/\/avirondijonnais.com\/index.php\/wp-json\/wp\/v2\/posts\/18262\/revisions\/18272"}],"wp:featuredmedia":[{"embeddable":true,"href":"https:\/\/avirondijonnais.com\/index.php\/wp-json\/wp\/v2\/media\/18271"}],"wp:attachment":[{"href":"https:\/\/avirondijonnais.com\/index.php\/wp-json\/wp\/v2\/media?parent=18262"}],"wp:term":[{"taxonomy":"category","embeddable":true,"href":"https:\/\/avirondijonnais.com\/index.php\/wp-json\/wp\/v2\/categories?post=18262"},{"taxonomy":"post_tag","embeddable":true,"href":"https:\/\/avirondijonnais.com\/index.php\/wp-json\/wp\/v2\/tags?post=18262"}],"curies":[{"name":"wp","href":"https:\/\/api.w.org\/{rel}","templated":true}]}}